{"id":130358,"date":"2020-07-27T16:42:45","date_gmt":"2020-07-27T14:42:45","guid":{"rendered":"https:\/\/zjarr.tv\/?p=130358"},"modified":"2020-07-27T16:42:45","modified_gmt":"2020-07-27T14:42:45","slug":"aida-hajnaj-propozohet-ne-krye-te-fbi-se-shqiptare","status":"publish","type":"post","link":"https:\/\/zjarr.tv\/sq\/aida-hajnaj-propozohet-ne-krye-te-fbi-se-shqiptare\/","title":{"rendered":"Aida Hajnaj propozohet n\u00eb krye t\u00eb FBI-s\u00eb shqiptare"},"content":{"rendered":"<p>Aida Hajnaj propozohet n\u00eb krye t\u00eb Byros\u00eb Komb\u00ebtare t\u00eb Hetimit, pasi 3 rival\u00ebt u skualifikuan. SPAK do t\u00eb \u00e7oj\u00eb emrin e saj n\u00eb KLP p\u00ebr t&#8217;u zgjedhur n\u00eb krye t\u00eb BKH-s\u00eb, nd\u00ebrsa Report TV m\u00ebsoi m\u00eb her\u00ebt emrin e saj n\u00eb krye t\u00eb k\u00ebtij institucioni t\u00eb drejt\u00ebsis\u00eb s\u00eb re. Em\u00ebrimi i saj u p\u00ebrg\u00ebzua edhe nga ambasadorja e SHBA, Yuri Kim. Aida Hajnaj, zv\/drejtore e Policis\u00eb s\u00eb Shtetit, \u00ebsht\u00eb propozuar n\u00eb krye t\u00eb BKH-s\u00eb dhe emri i saj do i propozohet KLP-s\u00eb p\u00ebr t&#8217;u miratuar zyrtarisht si kreu i Byros\u00eb Komb\u00ebtare t\u00eb Hetimit. Aida Hjadaj do t\u00eb vendosej n\u00eb krye t\u00eb BKH-s\u00eb, pasi 3 rival\u00ebt e saj Artur Beu, Ervin Hodaj dhe Idajet Faskaj u skualifikuan. 4 vite pas miratimit t\u00eb reform\u00ebs n\u00eb drejt\u00ebsi, m\u00eb n\u00eb fund \u00ebsht\u00eb ngritur dhe struktura e hetimit t\u00eb korrupsionit dhe krimit t\u00eb organizuar n\u00eb nivele t\u00eb larta qeveris\u00ebse, Byroja Komb\u00ebtare e Hetimit. Ky organ cil\u00ebsohet ndryshe dhe si &#8216;krahu i djatht\u00eb&#8217; i SPAK n\u00eb luft\u00ebn kund\u00ebr krimit dhe korrupsionit n\u00eb vend n\u00eb nivel zyrtar\u00ebsh dhe p\u00ebrfaq\u00ebsuesish politik.Procesi p\u00ebr kreun e &#8216;FBI-s\u00eb shqiptare&#8217; u finalizua sot, nd\u00ebrsa zgjedhja e kreut t\u00eb BKH kaloi n\u00ebp\u00ebrmjet nj\u00eb procesi ku u p\u00ebrdor edhe makina e t\u00eb v\u00ebrtet\u00ebs.Ky proces ka qen\u00eb i monitoruar nga amerikan\u00ebt dhe partner\u00ebt europian\u00eb. P\u00ebr her\u00eb t\u00eb par\u00eb kreu i BKH-s\u00eb do t\u00eb jet\u00eb i ngjash\u00ebm me FBI p\u00ebr hetimin e krimeve, gjurmimin e parave dhe t\u00eb paprekshmeve. BKH \u00ebsht\u00eb plot\u00ebsim i SPAK-ut dhe oficer\u00ebt do t\u00eb koordinojn\u00eb \u00e7do hetim.&#8221;Komisioni pasi shqyrtoi dokumentacion e kat\u00ebr kandidat\u00ebve q\u00eb kishin ngelur ne gar\u00eb, konkretisht. Z.Artur Beu, z.Ervin Hodaj, z.Idajet Faskaj dhe znj. Aida Hajnaj , n\u00eb raport me kriteret e parashikuara q\u00eb duhet t\u00eb plot\u00ebsoj\u00eb Drejtori i Byros\u00eb Komb\u00ebtare t\u00eb Hetimit, vendosi q\u00eb t\u2019i rekomandoj\u00eb K\u00ebshillit t\u00eb Lart\u00eb t\u00eb Prokuroris\u00eb, em\u00ebrimin e znj.Aida Hajnaj, n\u00eb pozicionin Drejtorit t\u00eb Byros\u00eb Komb\u00ebtare t\u00eb Hetimit, p\u00ebr nj\u00eb mandat pes\u00ebvje\u00e7ar&#8221;, thuhet n\u00eb njoftimin e SPAK.Zgjedhja e kreut t\u00eb BKH-s\u00eb u parapri nga nj\u00eb sulm i PD-s\u00eb tre dit\u00eb m\u00eb par\u00eb, ku Edi Paloka\u00a0l\u00ebshoi akuza t\u00eb forta n\u00eb drejtim t\u00eb Aida Hajnajt dhe me k\u00ebt\u00eb argument k\u00ebrkoi rikthimin e procesit n\u00eb pik\u00ebn zero. Por e menj\u00ebhershme ishte p\u00ebrgjigja e SHBA-s\u00eb. Ambasadorja amerikane n\u00eb Shqip\u00ebri Yuri Kim, referuar hapur PD-s\u00eb, u shpreh se kushdo q\u00eb \u00ebnd\u00ebrron se drejt\u00ebsia e re nuk do t\u00eb vij\u00eb kurr\u00eb, gabohet dhe duhet t\u00eb zgjohet nga dremitja.<\/p>\n","protected":false},"excerpt":{"rendered":"<p>Aida Hajnaj propozohet n\u00eb krye t\u00eb Byros\u00eb Komb\u00ebtare t\u00eb Hetimit, pasi 3 rival\u00ebt u skualifikuan. SPAK do t\u00eb \u00e7oj\u00eb emrin e saj n\u00eb KLP p\u00ebr t&#8217;u zgjedhur n\u00eb krye t\u00eb BKH-s\u00eb, nd\u00ebrsa Report TV m\u00ebsoi m\u00eb her\u00ebt emrin e saj n\u00eb krye t\u00eb k\u00ebtij institucioni t\u00eb drejt\u00ebsis\u00eb s\u00eb re. Em\u00ebrimi i saj u p\u00ebrg\u00ebzua edhe [&hellip;]<\/p>\n","protected":false},"author":2020,"featured_media":43547,"comment_status":"open","ping_status":"closed","sticky":false,"template":"","format":"standard","meta":{"footnotes":""},"categories":[241,235],"tags":[],"class_list":{"0":"post-130358","1":"post","2":"type-post","3":"status-publish","4":"format-standard","5":"has-post-thumbnail","7":"category-aktualitet","8":"category-vendi"},"_links":{"self":[{"href":"https:\/\/zjarr.tv\/sq\/wp-json\/wp\/v2\/posts\/130358","targetHints":{"allow":["GET"]}}],"collection":[{"href":"https:\/\/zjarr.tv\/sq\/wp-json\/wp\/v2\/posts"}],"about":[{"href":"https:\/\/zjarr.tv\/sq\/wp-json\/wp\/v2\/types\/post"}],"author":[{"embeddable":true,"href":"https:\/\/zjarr.tv\/sq\/wp-json\/wp\/v2\/users\/2020"}],"replies":[{"embeddable":true,"href":"https:\/\/zjarr.tv\/sq\/wp-json\/wp\/v2\/comments?post=130358"}],"version-history":[{"count":0,"href":"https:\/\/zjarr.tv\/sq\/wp-json\/wp\/v2\/posts\/130358\/revisions"}],"wp:featuredmedia":[{"embeddable":true,"href":"https:\/\/zjarr.tv\/sq\/wp-json\/wp\/v2\/media\/43547"}],"wp:attachment":[{"href":"https:\/\/zjarr.tv\/sq\/wp-json\/wp\/v2\/media?parent=130358"}],"wp:term":[{"taxonomy":"category","embeddable":true,"href":"https:\/\/zjarr.tv\/sq\/wp-json\/wp\/v2\/categories?post=130358"},{"taxonomy":"post_tag","embeddable":true,"href":"https:\/\/zjarr.tv\/sq\/wp-json\/wp\/v2\/tags?post=130358"}],"curies":[{"name":"wp","href":"https:\/\/api.w.org\/{rel}","templated":true}]}}