{"id":131144,"date":"2020-08-01T15:44:58","date_gmt":"2020-08-01T13:44:58","guid":{"rendered":"https:\/\/zjarr.tv\/?p=131144"},"modified":"2020-08-01T15:44:58","modified_gmt":"2020-08-01T13:44:58","slug":"cfare-po-ndodh-ne-itali-kryeministri-zgjat-gjendjen-e-jashtezakonshme-deri-me-15-tetor","status":"publish","type":"post","link":"https:\/\/zjarr.tv\/sq\/cfare-po-ndodh-ne-itali-kryeministri-zgjat-gjendjen-e-jashtezakonshme-deri-me-15-tetor\/","title":{"rendered":"\u00c7far\u00eb po ndodh n\u00eb Itali? Kryeministri zgjat gjendjen e jasht\u00ebzakonshme deri m\u00eb 15 tetor"},"content":{"rendered":"<p>Italia \u00ebsht\u00eb nj\u00eb nga shtetet m\u00eb t\u00eb goditura nga pandemia n\u00eb Europ\u00eb. Por edhe pse situata \u00ebsht\u00eb stabilizuar disi s\u00eb fundmi, duket se gjendja e jasht\u00ebzakonshme n\u00eb shtetin fqinj do t\u00eb vijoj\u00eb ende.<\/p>\n<p>K\u00ebshtu, parlamenti italian miratoi dit\u00ebn e djeshme nj\u00eb k\u00ebrkes\u00eb t\u00eb kryeministrit Giuseppe Conte p\u00ebr t\u00eb zgjatur deri m\u00eb 15 tetor gjendjen e jasht\u00ebzakonshme.<\/p>\n<p>Sipas agjencis\u00eb Reuters, ky vendim ka ndodhur sepse Italia \u00ebsht\u00eb n\u00eb kriz\u00eb sh\u00ebndet\u00ebsore p\u00ebr shkak t\u00eb koronavirusit.<\/p>\n<p>Nga ky vendim italian\u00ebt jan\u00eb habitur pasi qeveria kishte investuar shum\u00eb p\u00ebr masat, duke filluar q\u00eb nga vendimi p\u00ebr mbajtjen e t\u00eb huajve t\u00eb karantinuar n\u00ebp\u00ebr anije, ndalimi i kthimit t\u00eb tifoz\u00ebve n\u00eb stadiume, anullimin e koncerteve, anullimin e fluturimeve p\u00ebr vendet q\u00eb konsiderohen te ken\u00eb nj\u00eb rrezik m\u00eb t\u00eb lart\u00eb infektimi etj.<\/p>\n<p>Gjendja e jasht\u00ebzakonshme i jep kompetenca m\u00eb t\u00eb m\u00ebdha qeveris\u00eb rajonale dhe qendrore duke jua leht\u00ebsuar dhe ministrave pun\u00ebn p\u00ebr deklarimin e zonave t\u00eb kuqe dhe forcimin e burimeve spitalore.<\/p>\n<p>Pas mbledhjes s\u00eb djeshme t\u00eb Senatit, kryeministri i Italis\u00eb, Giuseppe Conte, sot ka folur n\u00eb Dhom\u00ebn e deputet\u00ebve rreth arsyeve t\u00eb zgjatjes s\u00eb gjendjes s\u00eb jasht\u00ebzakonshme p\u00ebr shkak t\u00eb epidemis\u00eb nga koronavirusi.<\/p>\n<p><em>\u201cN\u00ebse nevoja p\u00ebr zgjatjen e gjendjes s\u00eb jasht\u00ebzakonshme ka kund\u00ebrshtime, t\u00eb thuhet qart\u00ebsisht n\u00eb m\u00ebnyr\u00eb t\u00eb sinqert\u00eb, por t\u00eb mos p\u00ebrhap\u00eb paqart\u00ebsi n\u00eb popull, sepse sot, duke lexuar disa gazeta dhe disa p\u00ebrgjigje n\u00eb rrjetet sociale, ka ndonj\u00eb qytetar q\u00eb \u00ebsht\u00eb bindur se zgjatja e gjendjes s\u00eb jasht\u00ebzakonshme do t\u00eb thot\u00eb t\u00eb kthehemi n\u00eb karantin\u00eb, q\u00eb do t\u00eb thot\u00eb masa m\u00eb shtr\u00ebnguese n\u00eb fillim t\u00eb gushtit. Nuk \u00ebsht\u00eb aspak k\u00ebshtu\u201d<\/em>, \u2013 ka konfirmuar n\u00eb sall\u00eb.<\/p>\n<p>Conte ka faj\u00ebsuar opozit\u00ebn p\u00ebr shfyt\u00ebzim t\u00eb debatit, duke akuzuar qeverin\u00eb se don t\u00eb mbaj\u00eb n\u00ebn kontroll qytetar\u00ebt dhe t\u00eb b\u00ebj\u00eb t\u00eb heshtin forcat politike q\u00eb nuk b\u00ebjn\u00eb pjes\u00eb n\u00eb mazhoranc\u00eb.<\/p>\n<p><em>\u201cNuk po them se \u00ebsht\u00eb e p\u00ebrjashtuar nj\u00eb vler\u00ebsim politik, p\u00ebrkundrazi, jeni t\u00eb thirrur ta b\u00ebni n\u00eb k\u00ebt\u00eb sall\u00eb. Dua t\u00eb them se qeveria po b\u00ebn k\u00ebt\u00eb vler\u00ebsim mbi baz\u00eb t\u00eb istancave organizative, operuese, dhe jo se duam t\u00eb mbajm\u00eb popullin n\u00eb nj\u00eb gjendje frike, si\u00e7 dikush \u00ebsht\u00eb shprehur. Jan\u00eb konfirmime t\u00eb r\u00ebnda dhe aspak t\u00eb v\u00ebrteta\u201d<\/em>, \u2013 ka sqaruar kryeministri.<\/p>\n","protected":false},"excerpt":{"rendered":"<p>Italia \u00ebsht\u00eb nj\u00eb nga shtetet m\u00eb t\u00eb goditura nga pandemia n\u00eb Europ\u00eb. Por edhe pse situata \u00ebsht\u00eb stabilizuar disi s\u00eb fundmi, duket se gjendja e jasht\u00ebzakonshme n\u00eb shtetin fqinj do t\u00eb vijoj\u00eb ende. K\u00ebshtu, parlamenti italian miratoi dit\u00ebn e djeshme nj\u00eb k\u00ebrkes\u00eb t\u00eb kryeministrit Giuseppe Conte p\u00ebr t\u00eb zgjatur deri m\u00eb 15 tetor gjendjen e [&hellip;]<\/p>\n","protected":false},"author":2020,"featured_media":131145,"comment_status":"open","ping_status":"closed","sticky":false,"template":"","format":"standard","meta":{"footnotes":""},"categories":[241],"tags":[],"class_list":{"0":"post-131144","1":"post","2":"type-post","3":"status-publish","4":"format-standard","5":"has-post-thumbnail","7":"category-aktualitet"},"_links":{"self":[{"href":"https:\/\/zjarr.tv\/sq\/wp-json\/wp\/v2\/posts\/131144","targetHints":{"allow":["GET"]}}],"collection":[{"href":"https:\/\/zjarr.tv\/sq\/wp-json\/wp\/v2\/posts"}],"about":[{"href":"https:\/\/zjarr.tv\/sq\/wp-json\/wp\/v2\/types\/post"}],"author":[{"embeddable":true,"href":"https:\/\/zjarr.tv\/sq\/wp-json\/wp\/v2\/users\/2020"}],"replies":[{"embeddable":true,"href":"https:\/\/zjarr.tv\/sq\/wp-json\/wp\/v2\/comments?post=131144"}],"version-history":[{"count":0,"href":"https:\/\/zjarr.tv\/sq\/wp-json\/wp\/v2\/posts\/131144\/revisions"}],"wp:featuredmedia":[{"embeddable":true,"href":"https:\/\/zjarr.tv\/sq\/wp-json\/wp\/v2\/media\/131145"}],"wp:attachment":[{"href":"https:\/\/zjarr.tv\/sq\/wp-json\/wp\/v2\/media?parent=131144"}],"wp:term":[{"taxonomy":"category","embeddable":true,"href":"https:\/\/zjarr.tv\/sq\/wp-json\/wp\/v2\/categories?post=131144"},{"taxonomy":"post_tag","embeddable":true,"href":"https:\/\/zjarr.tv\/sq\/wp-json\/wp\/v2\/tags?post=131144"}],"curies":[{"name":"wp","href":"https:\/\/api.w.org\/{rel}","templated":true}]}}