{"id":135379,"date":"2020-08-21T15:50:55","date_gmt":"2020-08-21T13:50:55","guid":{"rendered":"https:\/\/zjarr.tv\/?p=135379"},"modified":"2020-08-21T15:50:55","modified_gmt":"2020-08-21T13:50:55","slug":"deputeti-i-ps-se-rezulton-pozitiv-me-koronavirus-merr-oksigjen-tek-infektivi","status":"publish","type":"post","link":"https:\/\/zjarr.tv\/sq\/deputeti-i-ps-se-rezulton-pozitiv-me-koronavirus-merr-oksigjen-tek-infektivi\/","title":{"rendered":"Deputeti i PS-s\u00eb rezulton pozitiv me koronavirus, merr oksigjen tek Infektivi"},"content":{"rendered":"<p>Nj\u00eb tjet\u00ebr deputet socialist \u00ebsht\u00eb prekur nga koronavirusi. Burime b\u00ebjn\u00eb me dije se deputeti i PS n\u00eb Vlor\u00eb Edmond Leka ka rezultuar pozitiv disa dit\u00eb m\u00eb par\u00eb.<\/p>\n<p>Dit\u00ebn e djeshme ai \u00ebsht\u00eb shtruar n\u00eb spitalin Infektiv ku po trajtohet me oksigjen.M\u00eb her\u00ebt n\u00eb radh\u00ebt e PS, e kan\u00eb kaluar koronavirusin kryebashkiaku i Tiran\u00ebs Erion Veliaj si dhe deputeti Elio Hysko.<\/p>\n","protected":false},"excerpt":{"rendered":"<p>Nj\u00eb tjet\u00ebr deputet socialist \u00ebsht\u00eb prekur nga koronavirusi. Burime b\u00ebjn\u00eb me dije se deputeti i PS n\u00eb Vlor\u00eb Edmond Leka ka rezultuar pozitiv disa dit\u00eb m\u00eb par\u00eb. Dit\u00ebn e djeshme ai \u00ebsht\u00eb shtruar n\u00eb spitalin Infektiv ku po trajtohet me oksigjen.M\u00eb her\u00ebt n\u00eb radh\u00ebt e PS, e kan\u00eb kaluar koronavirusin kryebashkiaku i Tiran\u00ebs Erion Veliaj [&hellip;]<\/p>\n","protected":false},"author":2020,"featured_media":125028,"comment_status":"open","ping_status":"closed","sticky":false,"template":"","format":"standard","meta":{"footnotes":""},"categories":[241,235],"tags":[],"class_list":{"0":"post-135379","1":"post","2":"type-post","3":"status-publish","4":"format-standard","5":"has-post-thumbnail","7":"category-aktualitet","8":"category-vendi"},"_links":{"self":[{"href":"https:\/\/zjarr.tv\/sq\/wp-json\/wp\/v2\/posts\/135379","targetHints":{"allow":["GET"]}}],"collection":[{"href":"https:\/\/zjarr.tv\/sq\/wp-json\/wp\/v2\/posts"}],"about":[{"href":"https:\/\/zjarr.tv\/sq\/wp-json\/wp\/v2\/types\/post"}],"author":[{"embeddable":true,"href":"https:\/\/zjarr.tv\/sq\/wp-json\/wp\/v2\/users\/2020"}],"replies":[{"embeddable":true,"href":"https:\/\/zjarr.tv\/sq\/wp-json\/wp\/v2\/comments?post=135379"}],"version-history":[{"count":0,"href":"https:\/\/zjarr.tv\/sq\/wp-json\/wp\/v2\/posts\/135379\/revisions"}],"wp:featuredmedia":[{"embeddable":true,"href":"https:\/\/zjarr.tv\/sq\/wp-json\/wp\/v2\/media\/125028"}],"wp:attachment":[{"href":"https:\/\/zjarr.tv\/sq\/wp-json\/wp\/v2\/media?parent=135379"}],"wp:term":[{"taxonomy":"category","embeddable":true,"href":"https:\/\/zjarr.tv\/sq\/wp-json\/wp\/v2\/categories?post=135379"},{"taxonomy":"post_tag","embeddable":true,"href":"https:\/\/zjarr.tv\/sq\/wp-json\/wp\/v2\/tags?post=135379"}],"curies":[{"name":"wp","href":"https:\/\/api.w.org\/{rel}","templated":true}]}}