{"id":135407,"date":"2020-08-21T16:31:50","date_gmt":"2020-08-21T14:31:50","guid":{"rendered":"https:\/\/zjarr.tv\/?p=135407"},"modified":"2020-08-21T16:31:50","modified_gmt":"2020-08-21T14:31:50","slug":"meta-ne-frasher-te-permetit-djepi-qe-perkundi-simbolet-e-perkryera-te-rilindjes-kombetare-vezullon-drite-patriotike","status":"publish","type":"post","link":"https:\/\/zjarr.tv\/sq\/meta-ne-frasher-te-permetit-djepi-qe-perkundi-simbolet-e-perkryera-te-rilindjes-kombetare-vezullon-drite-patriotike\/","title":{"rendered":"Meta n\u00eb Frash\u00ebr t\u00eb P\u00ebrmetit: Djepi q\u00eb p\u00ebrkundi simbolet e p\u00ebrkryera t\u00eb Rilindjes Komb\u00ebtare, vezullon drit\u00eb patriotike"},"content":{"rendered":"<p>Presidenti Ilir Meta \u00ebsht\u00eb ndalur sot n\u00eb Frash\u00ebr t\u00eb P\u00ebrmetit, vendlindjes e Addyl, Naim e Sami Frash\u00ebrit. Meta thot\u00eb se pik\u00ebrisht ky fshat dhe familja Frash\u00ebri p\u00ebrkundi me dije dhe atdhedashur simbolet e p\u00ebrkryera t\u00eb Rilindjes Komb\u00ebtare.<\/p>\n<p>Meta thot\u00eb se edhe sot Frash\u00ebri vezullon drit\u00eb komb\u00ebtare patriotike dhe qytetare.<\/p>\n<p><strong>STATUSI NGA ILIR META<\/strong><\/p>\n<div id=\"pa_1x1_psbk_1598020234901\"><\/div>\n<p>\u00cbsht\u00eb nj\u00eb lumturi e ve\u00e7ant\u00eb t\u00eb jem sot n\u00eb Frash\u00ebr, n\u00eb k\u00ebt\u00eb vend t\u00eb shenjt\u00eb p\u00ebr kombin shqiptar, n\u00eb djepin q\u00eb p\u00ebrkundi me dije dhe atdhedashuri simbolet e p\u00ebrkryera t\u00eb Rilindjes ton\u00eb Komb\u00ebtare, Frash\u00ebrllinjt\u00eb e m\u00ebdhenj, Abdyl, Naim e Sami.<br \/>\nFrash\u00ebri vezullon drit\u00eb komb\u00ebtare patriotike dhe qytetare n\u00eb \u00e7do koh\u00eb.\u00a0\ud83c\udde6\ud83c\uddf1<\/p>\n","protected":false},"excerpt":{"rendered":"<p>Presidenti Ilir Meta \u00ebsht\u00eb ndalur sot n\u00eb Frash\u00ebr t\u00eb P\u00ebrmetit, vendlindjes e Addyl, Naim e Sami Frash\u00ebrit. Meta thot\u00eb se pik\u00ebrisht ky fshat dhe familja Frash\u00ebri p\u00ebrkundi me dije dhe atdhedashur simbolet e p\u00ebrkryera t\u00eb Rilindjes Komb\u00ebtare. Meta thot\u00eb se edhe sot Frash\u00ebri vezullon drit\u00eb komb\u00ebtare patriotike dhe qytetare. STATUSI NGA ILIR META \u00cbsht\u00eb nj\u00eb [&hellip;]<\/p>\n","protected":false},"author":2020,"featured_media":0,"comment_status":"open","ping_status":"closed","sticky":false,"template":"","format":"standard","meta":{"footnotes":""},"categories":[241,235],"tags":[],"class_list":{"0":"post-135407","1":"post","2":"type-post","3":"status-publish","4":"format-standard","6":"category-aktualitet","7":"category-vendi"},"_links":{"self":[{"href":"https:\/\/zjarr.tv\/sq\/wp-json\/wp\/v2\/posts\/135407","targetHints":{"allow":["GET"]}}],"collection":[{"href":"https:\/\/zjarr.tv\/sq\/wp-json\/wp\/v2\/posts"}],"about":[{"href":"https:\/\/zjarr.tv\/sq\/wp-json\/wp\/v2\/types\/post"}],"author":[{"embeddable":true,"href":"https:\/\/zjarr.tv\/sq\/wp-json\/wp\/v2\/users\/2020"}],"replies":[{"embeddable":true,"href":"https:\/\/zjarr.tv\/sq\/wp-json\/wp\/v2\/comments?post=135407"}],"version-history":[{"count":0,"href":"https:\/\/zjarr.tv\/sq\/wp-json\/wp\/v2\/posts\/135407\/revisions"}],"wp:attachment":[{"href":"https:\/\/zjarr.tv\/sq\/wp-json\/wp\/v2\/media?parent=135407"}],"wp:term":[{"taxonomy":"category","embeddable":true,"href":"https:\/\/zjarr.tv\/sq\/wp-json\/wp\/v2\/categories?post=135407"},{"taxonomy":"post_tag","embeddable":true,"href":"https:\/\/zjarr.tv\/sq\/wp-json\/wp\/v2\/tags?post=135407"}],"curies":[{"name":"wp","href":"https:\/\/api.w.org\/{rel}","templated":true}]}}