{"id":135435,"date":"2020-08-21T17:27:47","date_gmt":"2020-08-21T15:27:47","guid":{"rendered":"https:\/\/zjarr.tv\/?p=135435"},"modified":"2020-08-21T17:27:47","modified_gmt":"2020-08-21T15:27:47","slug":"lavrov-ia-ngarkon-fajin-kosoves-per-dialogun-me-serbine-ndikimi-i-be-dhe-shba-te-jete-pa-shantazhe","status":"publish","type":"post","link":"https:\/\/zjarr.tv\/sq\/lavrov-ia-ngarkon-fajin-kosoves-per-dialogun-me-serbine-ndikimi-i-be-dhe-shba-te-jete-pa-shantazhe\/","title":{"rendered":"Lavrov ia ngarkon fajin Kosov\u00ebs p\u00ebr dialogun me Serbin\u00eb: Ndikimi i BE dhe SHBA t\u00eb jet\u00eb pa shantazhe"},"content":{"rendered":"<p>Ministri i Pun\u00ebve t\u00eb Jashtme t\u00eb Rusis\u00eb, Sergei Lavrov, ka folur sot p\u00ebr procesin e dialogut n\u00eb mes t\u00eb Prishtin\u00ebs dhe Beogradit. Lavrov ka th\u00ebn\u00eb se dialogu nuk ka alternativ\u00eb pavar\u00ebsisht se ka ngecje dhe vonesa, raporton Gazeta Express.<\/p>\n<p>K\u00ebto deklarata jan\u00eb b\u00ebr\u00eb publike p\u00ebrmes nj\u00eb komunikate p\u00ebr media t\u00eb Ministris\u00eb s\u00eb Pun\u00ebve t\u00eb Jashtme t\u00eb Rusis\u00eb, ku nd\u00ebr t\u00eb tjera, Lavrov citohet t\u00eb ket\u00eb th\u00ebn\u00eb se n\u00eb dialog nuk duhet t\u00eb ket\u00eb shantazhe dhe anime n\u00eb nj\u00ebr\u00ebn an\u00eb.<\/p>\n<p>\u201cDialogu sot \u00ebsht\u00eb duke ngecur, por nuk ka asnj\u00eb alternativ\u00eb. Aktivitete po intensifikohen n\u00eb Bruksel e Uashington p\u00ebr t\u00eb shtyr\u00eb p\u00ebrpara procesin e dialogut. Ndikimi i jasht\u00ebm duhet t\u00eb jet\u00eb pa shantazhe dhe pa anuar tek asnj\u00ebra pal\u00eb p\u00ebr t\u00eb nxitur pastaj orekset e dyshimta t\u00eb pal\u00ebs tjet\u00ebr\u201d, ka th\u00ebn\u00eb Lavrov.<\/p>\n<p>Kryediplomati rus ka th\u00ebn\u00eb se bisedimet e ndershme jan\u00eb t\u00eb nevojshme p\u00ebr t\u00eb ardhmen e raporteve n\u00eb mes t\u00eb Prishtin\u00ebs dhe Beogradit. Por, ka th\u00ebn\u00eb se marr\u00ebveshjet e arritura n\u00eb dialogun e filluar m\u00eb 2010 ve\u00e7mas ato q\u00eb kan\u00eb kan\u00eb lidhje me sigurin\u00eb e serb\u00ebve nuk jan\u00eb arritur p\u00ebr shkak t\u00eb hapave t\u00eb shqiptar\u00ebve.<\/p>\n<p>\u201cDialogu mund t\u00eb jap\u00eb rezultate vet\u00ebm duke marr\u00eb parasysh interesat juridike t\u00eb serb\u00ebve t\u00eb Kosov\u00ebs dhe duke respektuar t\u00eb drejt\u00ebn e tyre nd\u00ebrkomb\u00ebtare\u201d, ka shtuar Lavrov, i cili ka th\u00ebn\u00eb se problemi me Kosov\u00ebn \u00ebsht\u00eb shkaktuar nga ajo q\u00eb ai e ka quajtur \u201cgrabitje e paturpshme e nj\u00eb pjese t\u00eb territorit t\u00eb Serbis\u00eb\u201d.<\/p>\n","protected":false},"excerpt":{"rendered":"<p>Ministri i Pun\u00ebve t\u00eb Jashtme t\u00eb Rusis\u00eb, Sergei Lavrov, ka folur sot p\u00ebr procesin e dialogut n\u00eb mes t\u00eb Prishtin\u00ebs dhe Beogradit. Lavrov ka th\u00ebn\u00eb se dialogu nuk ka alternativ\u00eb pavar\u00ebsisht se ka ngecje dhe vonesa, raporton Gazeta Express. K\u00ebto deklarata jan\u00eb b\u00ebr\u00eb publike p\u00ebrmes nj\u00eb komunikate p\u00ebr media t\u00eb Ministris\u00eb s\u00eb Pun\u00ebve t\u00eb Jashtme [&hellip;]<\/p>\n","protected":false},"author":2020,"featured_media":135436,"comment_status":"open","ping_status":"closed","sticky":false,"template":"","format":"standard","meta":{"footnotes":""},"categories":[2],"tags":[],"class_list":{"0":"post-135435","1":"post","2":"type-post","3":"status-publish","4":"format-standard","5":"has-post-thumbnail","7":"category-rajoni"},"_links":{"self":[{"href":"https:\/\/zjarr.tv\/sq\/wp-json\/wp\/v2\/posts\/135435","targetHints":{"allow":["GET"]}}],"collection":[{"href":"https:\/\/zjarr.tv\/sq\/wp-json\/wp\/v2\/posts"}],"about":[{"href":"https:\/\/zjarr.tv\/sq\/wp-json\/wp\/v2\/types\/post"}],"author":[{"embeddable":true,"href":"https:\/\/zjarr.tv\/sq\/wp-json\/wp\/v2\/users\/2020"}],"replies":[{"embeddable":true,"href":"https:\/\/zjarr.tv\/sq\/wp-json\/wp\/v2\/comments?post=135435"}],"version-history":[{"count":0,"href":"https:\/\/zjarr.tv\/sq\/wp-json\/wp\/v2\/posts\/135435\/revisions"}],"wp:featuredmedia":[{"embeddable":true,"href":"https:\/\/zjarr.tv\/sq\/wp-json\/wp\/v2\/media\/135436"}],"wp:attachment":[{"href":"https:\/\/zjarr.tv\/sq\/wp-json\/wp\/v2\/media?parent=135435"}],"wp:term":[{"taxonomy":"category","embeddable":true,"href":"https:\/\/zjarr.tv\/sq\/wp-json\/wp\/v2\/categories?post=135435"},{"taxonomy":"post_tag","embeddable":true,"href":"https:\/\/zjarr.tv\/sq\/wp-json\/wp\/v2\/tags?post=135435"}],"curies":[{"name":"wp","href":"https:\/\/api.w.org\/{rel}","templated":true}]}}