{"id":135454,"date":"2020-08-21T18:10:18","date_gmt":"2020-08-21T16:10:18","guid":{"rendered":"https:\/\/zjarr.tv\/?p=135454"},"modified":"2020-08-21T18:10:18","modified_gmt":"2020-08-21T16:10:18","slug":"hapja-e-shkollave-pipero-lajmi-me-i-mire-i-mundshem-gjysma-e-dyte-e-shtatorit-do-te-kete-numer-te-reduktuar-ja-kur-mund-te-rriten-rastet","status":"publish","type":"post","link":"https:\/\/zjarr.tv\/sq\/hapja-e-shkollave-pipero-lajmi-me-i-mire-i-mundshem-gjysma-e-dyte-e-shtatorit-do-te-kete-numer-te-reduktuar-ja-kur-mund-te-rriten-rastet\/","title":{"rendered":"Hapja e shkollave, Pipero: Lajmi m\u00eb i mir\u00eb i mundsh\u00ebm, gjysma e dyt\u00eb e shtatorit do t\u00eb k\u00ebt\u00eb num\u00ebr t\u00eb reduktuar, ja kur mund t\u00eb rriten rastet"},"content":{"rendered":"<p>Mjeki infeksionist P\u00ebllumb Pipero i ftuar n\u00eb Fax News tha se hapja e shkollave \u00ebsht\u00eb lajmi m\u00eb i mir\u00eb i mundsh\u00ebm q\u00eb mund t\u00eb ket\u00eb marr\u00eb n\u00eb k\u00ebt\u00eb situat\u00eb. Sipas tij t\u00eb gjith\u00eb duhet t\u00eb kemi kujdes dhe zbatohet rregullat e higjien\u00ebs.<\/p>\n<p>\u201cKy \u00ebsht\u00eb lajmi m\u00eb i mir\u00eb i mundsh\u00ebm i marr\u00eb n\u00eb k\u00ebt\u00eb situat\u00eb sa i p\u00ebrket hapjes s\u00eb shkollave, kam qen\u00eb dhe jam partizan i hapjes s\u00eb shkollave. Hapja nuk do t\u00eb thot\u00eb se nuk kemi virusi, por t\u00eb gjith\u00eb duhet t\u00eb kemi kujdes., protokollet duhet t\u00eb jen\u00eb optimale dhe t\u00eb mundshme.<\/p>\n<p>Do t\u00eb k\u00ebshilloja q\u00eb prind\u00ebrit f\u00ebmij\u00ebt e tyre t\u00eb jen\u00eb t\u00eb kujdessh\u00ebm, t\u2019i k\u00ebshillojn\u00eb q\u00eb t\u00eb lajn\u00eb duart me uj\u00eb dhe sapun dhe shkollat t\u00eb krijojn\u00eb kushte. T\u00eb dyja pal\u00ebt respektojn\u00eb protokollet dhe nuk ka asgj\u00eb t\u00eb keqe. Duhet t\u00eb b\u00ebjn\u00eb kujdes p\u00ebr personelin me m\u00ebsuesve p\u00ebr t\u00eb monitoruar temperatur\u00ebn. F\u00ebmij\u00ebt kan\u00eb rrall\u00eb shenja klinike. Hapja e shkollave nuk duhet pare me skepticiz\u00ebm \u00ebsht\u00eb nj\u00eb vendim i drejt\u00eb. Duhet t\u00eb aplikohen protokolle t\u00eb zbatueshme p\u00ebr higjien\u00ebn.<\/p>\n<p>Un\u00eb besoj se institucionet arsimore, jan\u00eb m\u00eb t\u00eb kontrolluar m\u00eb t\u00eb p\u00ebrgjegjshme, nuk mund ta krahasoj me baret dhe restorante. Nxitohen shpesh pse doli nj\u00eb m\u00ebsues t\u00eb mbyllim shkoll\u00eb, \u00ebsht\u00eb vendimi m\u00eb i keq i mundsh\u00ebm dhe i gabuar. Mbylla nuk \u00ebsht\u00eb zgjidhje \u00ebsht\u00eb zgjedhje e p\u00ebrkohshme dhe sa m\u00eb e shkurt\u00ebr aq m\u00eb e mir\u00eb \u00ebsht\u00eb. Nuk duhet t\u00eb kemi frik\u00eb duhet t\u00eb kemi kujdesin maksimal.\u201d- tha Pipero.<\/p>\n<p>Pipero tha po ashtu gjat\u00eb intervist\u00ebs, se gjysma e dyt\u00eb e shtatorit, mund t\u00eb ket\u00eb numra personash t\u00eb infektuar m\u00eb t\u00eb reduktuar. Nd\u00ebrkoh\u00eb q\u00eb sipas tij mund t\u00eb shtohet numri i rasteve n\u00eb fund t\u00eb vjesht\u00ebs dhe n\u00eb fillim t\u00eb dimrit, si pasoj\u00eb edhe e gripit stinor.<\/p>\n<p>\u201cGjysma e dyt\u00eb e shatorit mund t\u00eb ket\u00eb numra m\u00eb t\u00eb reduktuar. Mund t\u00eb shtohet numri i rasteve n\u00eb fund t\u00eb vjesht\u00ebs dhe n\u00eb fillim t\u00eb dimrit. Fillimi i tetorit \u00ebsht\u00eb mir\u00eb t\u00eb p\u00ebr t\u00eb filluar vaksnimin stinor dhe p\u00ebr fashava t\u00eb caktuara t\u00eb popullsis\u00eb t\u00eb cilat jan\u00eb m\u00eb t\u00eb riskuar duhet ta marrin falas.\u201d- tha Pipero.<\/p>\n","protected":false},"excerpt":{"rendered":"<p>Mjeki infeksionist P\u00ebllumb Pipero i ftuar n\u00eb Fax News tha se hapja e shkollave \u00ebsht\u00eb lajmi m\u00eb i mir\u00eb i mundsh\u00ebm q\u00eb mund t\u00eb ket\u00eb marr\u00eb n\u00eb k\u00ebt\u00eb situat\u00eb. Sipas tij t\u00eb gjith\u00eb duhet t\u00eb kemi kujdes dhe zbatohet rregullat e higjien\u00ebs. \u201cKy \u00ebsht\u00eb lajmi m\u00eb i mir\u00eb i mundsh\u00ebm i marr\u00eb n\u00eb k\u00ebt\u00eb situat\u00eb [&hellip;]<\/p>\n","protected":false},"author":2020,"featured_media":135455,"comment_status":"open","ping_status":"closed","sticky":false,"template":"","format":"standard","meta":{"footnotes":""},"categories":[241],"tags":[],"class_list":{"0":"post-135454","1":"post","2":"type-post","3":"status-publish","4":"format-standard","5":"has-post-thumbnail","7":"category-aktualitet"},"_links":{"self":[{"href":"https:\/\/zjarr.tv\/sq\/wp-json\/wp\/v2\/posts\/135454","targetHints":{"allow":["GET"]}}],"collection":[{"href":"https:\/\/zjarr.tv\/sq\/wp-json\/wp\/v2\/posts"}],"about":[{"href":"https:\/\/zjarr.tv\/sq\/wp-json\/wp\/v2\/types\/post"}],"author":[{"embeddable":true,"href":"https:\/\/zjarr.tv\/sq\/wp-json\/wp\/v2\/users\/2020"}],"replies":[{"embeddable":true,"href":"https:\/\/zjarr.tv\/sq\/wp-json\/wp\/v2\/comments?post=135454"}],"version-history":[{"count":0,"href":"https:\/\/zjarr.tv\/sq\/wp-json\/wp\/v2\/posts\/135454\/revisions"}],"wp:featuredmedia":[{"embeddable":true,"href":"https:\/\/zjarr.tv\/sq\/wp-json\/wp\/v2\/media\/135455"}],"wp:attachment":[{"href":"https:\/\/zjarr.tv\/sq\/wp-json\/wp\/v2\/media?parent=135454"}],"wp:term":[{"taxonomy":"category","embeddable":true,"href":"https:\/\/zjarr.tv\/sq\/wp-json\/wp\/v2\/categories?post=135454"},{"taxonomy":"post_tag","embeddable":true,"href":"https:\/\/zjarr.tv\/sq\/wp-json\/wp\/v2\/tags?post=135454"}],"curies":[{"name":"wp","href":"https:\/\/api.w.org\/{rel}","templated":true}]}}