{"id":135463,"date":"2020-08-22T12:45:59","date_gmt":"2020-08-22T10:45:59","guid":{"rendered":"https:\/\/zjarr.tv\/?p=135463"},"modified":"2020-08-22T12:49:21","modified_gmt":"2020-08-22T10:49:21","slug":"dom-gjergj-meta-pandemia-po-nxjerr-ne-pah-pandemi-te-tjera-duhet-vetedije-sociale-me-e-forte","status":"publish","type":"post","link":"https:\/\/zjarr.tv\/sq\/dom-gjergj-meta-pandemia-po-nxjerr-ne-pah-pandemi-te-tjera-duhet-vetedije-sociale-me-e-forte\/","title":{"rendered":"Dom Gjergj Meta: Pandemia po nxjerr n\u00eb pah pandemi t\u00eb tjera. Duhet vet\u00ebdije sociale m\u00eb e fort\u00eb"},"content":{"rendered":"<p>Dom Gjergj Meta\u00a0dha sot nj\u00eb mesazh t\u00eb fort\u00eb nga Shkodra p\u00ebr koh\u00ebn q\u00eb jetojm\u00eb. Dom Gjergj Meta renditi disa nga probleme t\u00eb shoq\u00ebris\u00eb shqiptare, q\u00eb nxorri n\u00eb pah pandemia.<\/p>\n<p>Dom Gjergj Meta ka dh\u00ebn\u00eb nj\u00eb mesazh gjat\u00eb nj\u00eb shfaqejeje t\u00eb zhvilluar n\u00eb Shkod\u00ebr, kushtuar Lek\u00eb Tasit, intelektualit 92-vje\u00e7ar, q\u00eb vuajti nga regjimi monist.<\/p>\n<p><em>\u201cDo kisha dashur nje shoqeri me te vetedijshme. Te mos themi qe ka kaluar ajo kohe dhe te shohim drejt te ardhmes. Kjo eshte e rendesishme por nje e ardhme nuk mund te ndertohet mbi nje te kaluar te pavetedijesuar, pasi eshte sikur te ndertosh ne rrenoja, te ngresh nje shtepi mbi themele te brishta.<\/em><\/p>\n<p><em>Themelet i perkasin te kaluares, e ndertimi duhet bere mbi themele te mira. Pajtimi vjen permes nje vetedije me te forte, e kjo duhet se sben per kete qe ka ndodhur ne vendin tone.<\/em><\/p>\n<p><em>Apeli eshte ky. Ti kushtojme shume rendesi maredhenieve me njeri tjetrin. Shendetit mendor ti kushtojme rendesi te madhe. Pandemia po zbulon disa semundje te tjera si varferia, papunesia, maredheniet nderfamiljare, dhuna ne familje, abuzimet, korrupsioni. Kjo pandemi po i nxjerr me shume ne pah.<\/em><\/p>\n<p><em>Konfliktualiteti politik qe une e kam perseritur disa here qe eshte gangrene per shoqerine shqiptare. Fatkeqesisht nuk ka shenja se do te zbutet kjo gje. Shpresojme te kemi nje kendveshtrim me te gjere rreth ketyre problematikave qe po nxjerr ne pah pandemia. Kane egzistuar por po dalin edhe me shume ne pah.<\/em>\u201c<\/p>\n<p>Dom Gjergj Meta ngre zerin p\u00ebr fenomenin e kriminalitetit<\/p>\n<p>\u201c<em>Gjakmarrjen nuk e shoh nje problem dhe nuk duhet ta stigmatizojme shoqerine per kete problem. Kriminaliteti eshte problem, e qe eshte i bazuar ne interesa ekonomike, mbi pushtetin per zona te caktuara, te zonave te kultivimit kanabisit, trafiqeve, per arsye te sundimit paligjshmerise dhe korrupsionit. Statistikisht gjakmarrjen se shof nje problem, kemi pak familje te ngujuara. Kurse problemet e rendit jane. Ndoshta kjo ka ndodhur edhe per shkak te konfuzionit qe ka kriju pandemia qe po kalojme keto kohe. Kaosi social qe ne Shqiperi eshte<\/em>\u00a0<em>me i fuqishem<\/em>.\u201d<\/p>\n","protected":false},"excerpt":{"rendered":"<p>Dom Gjergj Meta\u00a0dha sot nj\u00eb mesazh t\u00eb fort\u00eb nga Shkodra p\u00ebr koh\u00ebn q\u00eb jetojm\u00eb. Dom Gjergj Meta renditi disa nga probleme t\u00eb shoq\u00ebris\u00eb shqiptare, q\u00eb nxorri n\u00eb pah pandemia. Dom Gjergj Meta ka dh\u00ebn\u00eb nj\u00eb mesazh gjat\u00eb nj\u00eb shfaqejeje t\u00eb zhvilluar n\u00eb Shkod\u00ebr, kushtuar Lek\u00eb Tasit, intelektualit 92-vje\u00e7ar, q\u00eb vuajti nga regjimi monist. \u201cDo kisha [&hellip;]<\/p>\n","protected":false},"author":2020,"featured_media":0,"comment_status":"open","ping_status":"closed","sticky":false,"template":"","format":"standard","meta":{"footnotes":""},"categories":[241,235],"tags":[],"class_list":{"0":"post-135463","1":"post","2":"type-post","3":"status-publish","4":"format-standard","6":"category-aktualitet","7":"category-vendi"},"_links":{"self":[{"href":"https:\/\/zjarr.tv\/sq\/wp-json\/wp\/v2\/posts\/135463","targetHints":{"allow":["GET"]}}],"collection":[{"href":"https:\/\/zjarr.tv\/sq\/wp-json\/wp\/v2\/posts"}],"about":[{"href":"https:\/\/zjarr.tv\/sq\/wp-json\/wp\/v2\/types\/post"}],"author":[{"embeddable":true,"href":"https:\/\/zjarr.tv\/sq\/wp-json\/wp\/v2\/users\/2020"}],"replies":[{"embeddable":true,"href":"https:\/\/zjarr.tv\/sq\/wp-json\/wp\/v2\/comments?post=135463"}],"version-history":[{"count":0,"href":"https:\/\/zjarr.tv\/sq\/wp-json\/wp\/v2\/posts\/135463\/revisions"}],"wp:attachment":[{"href":"https:\/\/zjarr.tv\/sq\/wp-json\/wp\/v2\/media?parent=135463"}],"wp:term":[{"taxonomy":"category","embeddable":true,"href":"https:\/\/zjarr.tv\/sq\/wp-json\/wp\/v2\/categories?post=135463"},{"taxonomy":"post_tag","embeddable":true,"href":"https:\/\/zjarr.tv\/sq\/wp-json\/wp\/v2\/tags?post=135463"}],"curies":[{"name":"wp","href":"https:\/\/api.w.org\/{rel}","templated":true}]}}