{"id":135467,"date":"2020-08-22T12:52:51","date_gmt":"2020-08-22T10:52:51","guid":{"rendered":"https:\/\/zjarr.tv\/?p=135467"},"modified":"2020-08-22T12:52:51","modified_gmt":"2020-08-22T10:52:51","slug":"ra-nga-fiku-sillet-me-urgjence-ne-tirane-ka-demtime-ne-shtyllen-kurrizore","status":"publish","type":"post","link":"https:\/\/zjarr.tv\/sq\/ra-nga-fiku-sillet-me-urgjence-ne-tirane-ka-demtime-ne-shtyllen-kurrizore\/","title":{"rendered":"Ra nga fiku, sillet me urgjenc\u00eb n\u00eb Tiran\u00eb, ka d\u00ebmtime n\u00eb shtyll\u00ebn kurrizore"},"content":{"rendered":"<p>Nj\u00eb 48 vje\u00e7ar po sillet me urgjenc\u00eb me helikopter n\u00eb Tiran\u00eb pasi ka d\u00ebmtime t\u00eb r\u00ebnda n\u00eb shtyll\u00ebn kurrizore.<br \/>\n<strong><br \/>\n<\/strong>Dervish Mahilaj \u00ebsht\u00eb rr\u00ebzuar aksidentalkisht nga fiku n\u00eb oborrin e sht\u00ebpis\u00eb s\u00eb tij m\u00ebngjesin e sot\u00ebm n\u00eb fshatin Berdenesh bashki Sarand\u00eb.<\/p>\n<p>Mjek\u00ebt than\u00eb se 48 vje\u00e7ari ka d\u00ebmtime n\u00eb shtyll\u00ebn kurrizore prandaj \u00ebsht\u00eb transportuar me helikopter drejt Tiran\u00ebs p\u00ebr t\u00eb marr\u00eb mjekim m\u00eb t\u00eb specializuar.<\/p>\n","protected":false},"excerpt":{"rendered":"<p>Nj\u00eb 48 vje\u00e7ar po sillet me urgjenc\u00eb me helikopter n\u00eb Tiran\u00eb pasi ka d\u00ebmtime t\u00eb r\u00ebnda n\u00eb shtyll\u00ebn kurrizore. Dervish Mahilaj \u00ebsht\u00eb rr\u00ebzuar aksidentalkisht nga fiku n\u00eb oborrin e sht\u00ebpis\u00eb s\u00eb tij m\u00ebngjesin e sot\u00ebm n\u00eb fshatin Berdenesh bashki Sarand\u00eb. Mjek\u00ebt than\u00eb se 48 vje\u00e7ari ka d\u00ebmtime n\u00eb shtyll\u00ebn kurrizore prandaj \u00ebsht\u00eb transportuar me helikopter [&hellip;]<\/p>\n","protected":false},"author":2020,"featured_media":0,"comment_status":"open","ping_status":"closed","sticky":false,"template":"","format":"standard","meta":{"footnotes":""},"categories":[241,235],"tags":[],"class_list":{"0":"post-135467","1":"post","2":"type-post","3":"status-publish","4":"format-standard","6":"category-aktualitet","7":"category-vendi"},"_links":{"self":[{"href":"https:\/\/zjarr.tv\/sq\/wp-json\/wp\/v2\/posts\/135467","targetHints":{"allow":["GET"]}}],"collection":[{"href":"https:\/\/zjarr.tv\/sq\/wp-json\/wp\/v2\/posts"}],"about":[{"href":"https:\/\/zjarr.tv\/sq\/wp-json\/wp\/v2\/types\/post"}],"author":[{"embeddable":true,"href":"https:\/\/zjarr.tv\/sq\/wp-json\/wp\/v2\/users\/2020"}],"replies":[{"embeddable":true,"href":"https:\/\/zjarr.tv\/sq\/wp-json\/wp\/v2\/comments?post=135467"}],"version-history":[{"count":0,"href":"https:\/\/zjarr.tv\/sq\/wp-json\/wp\/v2\/posts\/135467\/revisions"}],"wp:attachment":[{"href":"https:\/\/zjarr.tv\/sq\/wp-json\/wp\/v2\/media?parent=135467"}],"wp:term":[{"taxonomy":"category","embeddable":true,"href":"https:\/\/zjarr.tv\/sq\/wp-json\/wp\/v2\/categories?post=135467"},{"taxonomy":"post_tag","embeddable":true,"href":"https:\/\/zjarr.tv\/sq\/wp-json\/wp\/v2\/tags?post=135467"}],"curies":[{"name":"wp","href":"https:\/\/api.w.org\/{rel}","templated":true}]}}