{"id":135482,"date":"2020-08-22T14:39:44","date_gmt":"2020-08-22T12:39:44","guid":{"rendered":"https:\/\/zjarr.tv\/?p=135482"},"modified":"2020-08-22T14:40:29","modified_gmt":"2020-08-22T12:40:29","slug":"shisnin-droge-mes-pallateve-arrestohen-dy-te-rinj-ne-tirane","status":"publish","type":"post","link":"https:\/\/zjarr.tv\/sq\/shisnin-droge-mes-pallateve-arrestohen-dy-te-rinj-ne-tirane\/","title":{"rendered":"Shisnin drog\u00eb mes pallateve, arrestohen dy t\u00eb rinj n\u00eb Tiran\u00eb"},"content":{"rendered":"<p>Policia e Tiran\u00ebs ka arrestuar shtetasit R.Gj., 24 vje\u00e7 dhe I.P., 24 vje\u00e7, pasi akuzohen se shp\u00ebrndanin l\u00ebnd\u00eb narkotike n\u00eb kryeqytet. Gjat\u00eb kontrollit t\u00eb vendit ku dy t\u00eb arrestuarit ishin, \u00a0u gjet\u00ebn 80 doza me l\u00ebnd\u00eb t\u00eb dyshuar cannabis sativa, si dhe shum\u00ebn prej 62.000 lek\u00eb, t\u00eb cilat u sekuestruan n\u00eb cil\u00ebsin\u00eb e prov\u00ebs materiale, s\u00eb bashku me 3 aparate celular.<\/p>\n<p>Arrestimi i dy\u00a0 shtetasve u b\u00eb i mundur fal\u00eb denoncimit tw qytetareve.<\/p>\n<p><em>Gjat\u00eb operacionit , sh\u00ebrbimet e Policis\u00eb n\u00eb rrug\u00ebn \u201cFrosina Plaku\u201d, n\u00eb hapsiren midis nje blloku pallatesh, e cila quhet si zona e \u201cTunelit\u201d, kan\u00eb konstatuar dy personat e lartp\u00ebrmendur t\u00eb cil\u00ebt n\u00eb bashk\u00ebpunim me njeri-tjetrin, po shisnin l\u00ebnd\u00eb narkotike n\u00eb doza t\u00eb vogla .-\u00a0<\/em>raporton Policia.<\/p>\n<p>Materialet procedurale do t\u2019i kalojn\u00eb Prokuroris\u00eb pran\u00eb Gjykat\u00ebs s\u00eb Shkall\u00ebs s\u00eb Par\u00eb Tiran\u00eb, p\u00ebr veprime t\u00eb m\u00ebtejshme hetimore, p\u00ebr veprat penale \u201cProdhimi dhe shitja e narkotik\u00ebve\u201d, e kryer n\u00eb bashk\u00ebpunim.<\/p>\n","protected":false},"excerpt":{"rendered":"<p>Policia e Tiran\u00ebs ka arrestuar shtetasit R.Gj., 24 vje\u00e7 dhe I.P., 24 vje\u00e7, pasi akuzohen se shp\u00ebrndanin l\u00ebnd\u00eb narkotike n\u00eb kryeqytet. Gjat\u00eb kontrollit t\u00eb vendit ku dy t\u00eb arrestuarit ishin, \u00a0u gjet\u00ebn 80 doza me l\u00ebnd\u00eb t\u00eb dyshuar cannabis sativa, si dhe shum\u00ebn prej 62.000 lek\u00eb, t\u00eb cilat u sekuestruan n\u00eb cil\u00ebsin\u00eb e prov\u00ebs materiale, [&hellip;]<\/p>\n","protected":false},"author":2020,"featured_media":0,"comment_status":"open","ping_status":"closed","sticky":false,"template":"","format":"standard","meta":{"footnotes":""},"categories":[241,235],"tags":[],"class_list":{"0":"post-135482","1":"post","2":"type-post","3":"status-publish","4":"format-standard","6":"category-aktualitet","7":"category-vendi"},"_links":{"self":[{"href":"https:\/\/zjarr.tv\/sq\/wp-json\/wp\/v2\/posts\/135482","targetHints":{"allow":["GET"]}}],"collection":[{"href":"https:\/\/zjarr.tv\/sq\/wp-json\/wp\/v2\/posts"}],"about":[{"href":"https:\/\/zjarr.tv\/sq\/wp-json\/wp\/v2\/types\/post"}],"author":[{"embeddable":true,"href":"https:\/\/zjarr.tv\/sq\/wp-json\/wp\/v2\/users\/2020"}],"replies":[{"embeddable":true,"href":"https:\/\/zjarr.tv\/sq\/wp-json\/wp\/v2\/comments?post=135482"}],"version-history":[{"count":0,"href":"https:\/\/zjarr.tv\/sq\/wp-json\/wp\/v2\/posts\/135482\/revisions"}],"wp:attachment":[{"href":"https:\/\/zjarr.tv\/sq\/wp-json\/wp\/v2\/media?parent=135482"}],"wp:term":[{"taxonomy":"category","embeddable":true,"href":"https:\/\/zjarr.tv\/sq\/wp-json\/wp\/v2\/categories?post=135482"},{"taxonomy":"post_tag","embeddable":true,"href":"https:\/\/zjarr.tv\/sq\/wp-json\/wp\/v2\/tags?post=135482"}],"curies":[{"name":"wp","href":"https:\/\/api.w.org\/{rel}","templated":true}]}}