{"id":135485,"date":"2020-08-22T14:44:43","date_gmt":"2020-08-22T12:44:43","guid":{"rendered":"https:\/\/zjarr.tv\/?p=135485"},"modified":"2020-08-22T14:48:09","modified_gmt":"2020-08-22T12:48:09","slug":"tirane-18-vjecarja-vetehidhet-nga-kati-i-trete-ne-selite-plas-sherri","status":"publish","type":"post","link":"https:\/\/zjarr.tv\/sq\/tirane-18-vjecarja-vetehidhet-nga-kati-i-trete-ne-selite-plas-sherri\/","title":{"rendered":"Tirane: 18 vje\u00e7arja vet\u00ebhidhet nga kati i tret\u00eb, n\u00eb Selit\u00eb plas sherri"},"content":{"rendered":"<p>Nj\u00eb 18 vje\u00e7are dyshohet se \u00ebsht\u00eb vet\u00ebhedhur nga kati i tret\u00eb i pallatit ku banon n\u00eb rrug\u00ebn \u201cMetush Luli\u201dn\u00eb Tiran\u00eb. Ngjarja \u00ebsht\u00eb rregjistruar rreth or\u00ebs 13:15 t\u00eb dit\u00ebs s\u00eb sotme.<\/p>\n<p>\u201c<em>Dyshohet se \u00ebsht\u00eb vet\u00ebhedhur nga kati i 3 i pallatit ku banon shtet\u00ebsja K.Q., 18 vje\u00e7e, e cila \u00ebsht\u00eb d\u00ebrguar menjeher\u00eb n\u00eb spital, dhe ndodhet n\u00ebn kujdesin e mjek\u00ebve\u201d informoi policia e Tiran\u00ebs<\/em><\/p>\n<p>Grupi hetimor dhe sh\u00ebrbimet e Policis\u00eb ndodhen n\u00eb vendngjarje dhe vijon puna p\u00ebr zbardhjen e plot\u00eb e rrethanave t\u00eb ngjarjes.<\/p>\n<p>Gati 30 minuta m\u00eb pas ka pasur\u00a0 nj\u00eb sherr n\u00eb selit\u00eb.<\/p>\n<p>Me dat\u00eb 22.08.2020, rreth or\u00ebs 13:50, n\u00eb Selit\u00eb, pas nj\u00eb konflikti t\u00eb \u00e7astit p\u00ebr motive t\u00eb dob\u00ebta, shtetasi Sh.D., ka goditur me sende t\u00eb forta shtetasin I.M., i cili u d\u00ebrgua n\u00eb spital, dhe ndodhet n\u00ebn kujdesin e mjek\u00ebve.<\/p>\n<p>Shtetasi Sh.D., u shoq\u00ebrua n\u00eb ambientet e Komisariatit Nr.2, p\u00ebr veprime t\u00eb metejshme.<\/p>\n<p>Grupi hetimor ndodhet n\u00eb vendngjarje dhe po vijon pun\u00ebn p\u00ebr zbardhjen e rrethanave t\u00eb ngjarjes.<\/p>\n","protected":false},"excerpt":{"rendered":"<p>Nj\u00eb 18 vje\u00e7are dyshohet se \u00ebsht\u00eb vet\u00ebhedhur nga kati i tret\u00eb i pallatit ku banon n\u00eb rrug\u00ebn \u201cMetush Luli\u201dn\u00eb Tiran\u00eb. Ngjarja \u00ebsht\u00eb rregjistruar rreth or\u00ebs 13:15 t\u00eb dit\u00ebs s\u00eb sotme. \u201cDyshohet se \u00ebsht\u00eb vet\u00ebhedhur nga kati i 3 i pallatit ku banon shtet\u00ebsja K.Q., 18 vje\u00e7e, e cila \u00ebsht\u00eb d\u00ebrguar menjeher\u00eb n\u00eb spital, dhe ndodhet [&hellip;]<\/p>\n","protected":false},"author":2020,"featured_media":0,"comment_status":"open","ping_status":"closed","sticky":false,"template":"","format":"standard","meta":{"footnotes":""},"categories":[241,235],"tags":[],"class_list":{"0":"post-135485","1":"post","2":"type-post","3":"status-publish","4":"format-standard","6":"category-aktualitet","7":"category-vendi"},"_links":{"self":[{"href":"https:\/\/zjarr.tv\/sq\/wp-json\/wp\/v2\/posts\/135485","targetHints":{"allow":["GET"]}}],"collection":[{"href":"https:\/\/zjarr.tv\/sq\/wp-json\/wp\/v2\/posts"}],"about":[{"href":"https:\/\/zjarr.tv\/sq\/wp-json\/wp\/v2\/types\/post"}],"author":[{"embeddable":true,"href":"https:\/\/zjarr.tv\/sq\/wp-json\/wp\/v2\/users\/2020"}],"replies":[{"embeddable":true,"href":"https:\/\/zjarr.tv\/sq\/wp-json\/wp\/v2\/comments?post=135485"}],"version-history":[{"count":0,"href":"https:\/\/zjarr.tv\/sq\/wp-json\/wp\/v2\/posts\/135485\/revisions"}],"wp:attachment":[{"href":"https:\/\/zjarr.tv\/sq\/wp-json\/wp\/v2\/media?parent=135485"}],"wp:term":[{"taxonomy":"category","embeddable":true,"href":"https:\/\/zjarr.tv\/sq\/wp-json\/wp\/v2\/categories?post=135485"},{"taxonomy":"post_tag","embeddable":true,"href":"https:\/\/zjarr.tv\/sq\/wp-json\/wp\/v2\/tags?post=135485"}],"curies":[{"name":"wp","href":"https:\/\/api.w.org\/{rel}","templated":true}]}}