{"id":135492,"date":"2020-08-22T14:58:01","date_gmt":"2020-08-22T12:58:01","guid":{"rendered":"https:\/\/zjarr.tv\/?p=135492"},"modified":"2020-08-22T15:00:24","modified_gmt":"2020-08-22T13:00:24","slug":"zvernec-fshati-qe-furnizohet-me-uje-vetem-nje-ore-ne-pese-dite","status":"publish","type":"post","link":"https:\/\/zjarr.tv\/sq\/zvernec-fshati-qe-furnizohet-me-uje-vetem-nje-ore-ne-pese-dite\/","title":{"rendered":"Zv\u00ebrnec, fshati q\u00eb furnizohet me uj\u00eb vet\u00ebm nj\u00eb or\u00eb n\u00eb pes\u00eb dit\u00eb"},"content":{"rendered":"<p>Zv\u00ebrneci \u00ebsht\u00eb pjes\u00eb e projektit t\u00eb \u201c100 fshatrave\u201d turistik\u00eb, por investimet e premtuara ende nuk jan\u00eb v\u00ebn\u00eb n\u00eb zbatim.<\/p>\n<p>Problemet e banor\u00ebve nisin n\u00eb pik\u00ebn ku ndahet rruga q\u00eb t\u00eb \u00e7on drejt Manastirit me at\u00eb q\u00eb t\u00eb \u00e7on brenda n\u00eb fshat. Deri aty vjen asfalti.<\/p>\n<p><em>\u201cDeri tek kryq\u00ebzimi q\u00eb ik\u00ebn p\u00ebr tek Manastiri \u00ebsht\u00eb problem. K\u00ebtu than\u00eb q\u00eb do t\u00eb b\u00ebhet fshati turistik, do t\u00eb shtrohet rruga, do t\u00eb vij\u00eb uj\u00ebsjell\u00ebsi, e shum\u00eb e shum\u00eb premtime t\u00eb tjera, q\u00eb si\u00e7 i shikoni k\u00ebtu nuk jan\u00eb v\u00ebn\u00eb n\u00eb zbatim\u201d<\/em><\/p>\n<p><em>\u201cBashkia kishte mund\u00ebsi, b\u00ebri rrug\u00ebn e Manastirit p\u00ebr interesat e veta. Tani, rruga q\u00eb kryq\u00ebzimi e deri k\u00ebtu nuk po v\u00eb dor\u00eb njeri brenda fshatit nuk interesohet njeri\u201d,\u00a0<\/em>shprehen banor\u00ebt.<\/p>\n<p>Por uji i pijsh\u00ebm \u00ebsht\u00eb problematika m\u00eb jet\u00ebsore me t\u00eb cil\u00ebn p\u00ebrballen banor\u00ebt.<\/p>\n<p>Thon\u00eb se furnizohen nj\u00eb her\u00eb n\u00eb disa dit\u00eb dhe uji q\u00eb u shkon nuk pihet.<\/p>\n<p><em>\u201cUji k\u00ebtu vjen nj\u00eb her\u00eb n\u00eb kat\u00ebr-pes\u00eb dit\u00eb dhe ka raste q\u00eb vonohet dhe m\u00eb shum\u00eb. Uji nuk mund t\u00eb p\u00ebrdoret, p\u00ebr t\u00eb pir\u00eb e as p\u00ebr t\u00eb gatuar. Edhe p\u00ebr t\u00eb lar\u00eb \u00ebsht\u00eb problem\u201d<\/em>,shprehet banorja<\/p>\n<p>Banor\u00ebt thon\u00eb se ujin\u00a0 e paguajn\u00eb edhe pse nevojat jet\u00ebsore i plot\u00ebsojn\u00eb me puset q\u00eb kan\u00eb hapur n\u00eb m\u00ebnyr\u00eb private dhe me t\u00eb bler\u00eb. Ato thon\u00eb se u \u00ebsht\u00eb premtuar shum\u00eb, sidomos n\u00eb koh\u00eb fushate, por thuajse asgj\u00eb nuk \u00ebsht\u00eb b\u00ebr\u00eb.<\/p>\n<p>Problematikat pa zgjidhje n\u00eb 3 dekada kan\u00eb nxitur braktisjen. Kjo ka b\u00ebr\u00eb q\u00eb 95 % e banor\u00ebve n\u00eb k\u00ebt\u00eb fshat jan\u00eb mosh\u00eb e tret\u00eb. T\u00eb rinjt\u00eb q\u00eb kan\u00eb emigruar drejt shteteve t\u00eb tjera, rikthehen vet\u00ebm n\u00eb ver\u00eb.<\/p>\n<p>P\u00ebr shkak t\u00eb munges\u00ebs s\u00eb f\u00ebmij\u00ebve, shkolla \u00ebsht\u00eb mbyllur.<\/p>\n<p><em>\u201d Ja e shikoni shkoll\u00ebn, kishte 8 klas\u00eb dhe shikojeni se si \u00ebsht\u00eb katandisur. Shteti nuk ka v\u00ebn\u00eb dor\u00eb n\u00eb fshatin e Zv\u00ebrnecit\u201d,\u00a0<\/em>shprehet banorja.<\/p>\n","protected":false},"excerpt":{"rendered":"<p>Zv\u00ebrneci \u00ebsht\u00eb pjes\u00eb e projektit t\u00eb \u201c100 fshatrave\u201d turistik\u00eb, por investimet e premtuara ende nuk jan\u00eb v\u00ebn\u00eb n\u00eb zbatim. Problemet e banor\u00ebve nisin n\u00eb pik\u00ebn ku ndahet rruga q\u00eb t\u00eb \u00e7on drejt Manastirit me at\u00eb q\u00eb t\u00eb \u00e7on brenda n\u00eb fshat. Deri aty vjen asfalti. \u201cDeri tek kryq\u00ebzimi q\u00eb ik\u00ebn p\u00ebr tek Manastiri \u00ebsht\u00eb problem. [&hellip;]<\/p>\n","protected":false},"author":2020,"featured_media":135497,"comment_status":"open","ping_status":"closed","sticky":false,"template":"","format":"standard","meta":{"footnotes":""},"categories":[241,235],"tags":[],"class_list":{"0":"post-135492","1":"post","2":"type-post","3":"status-publish","4":"format-standard","5":"has-post-thumbnail","7":"category-aktualitet","8":"category-vendi"},"_links":{"self":[{"href":"https:\/\/zjarr.tv\/sq\/wp-json\/wp\/v2\/posts\/135492","targetHints":{"allow":["GET"]}}],"collection":[{"href":"https:\/\/zjarr.tv\/sq\/wp-json\/wp\/v2\/posts"}],"about":[{"href":"https:\/\/zjarr.tv\/sq\/wp-json\/wp\/v2\/types\/post"}],"author":[{"embeddable":true,"href":"https:\/\/zjarr.tv\/sq\/wp-json\/wp\/v2\/users\/2020"}],"replies":[{"embeddable":true,"href":"https:\/\/zjarr.tv\/sq\/wp-json\/wp\/v2\/comments?post=135492"}],"version-history":[{"count":0,"href":"https:\/\/zjarr.tv\/sq\/wp-json\/wp\/v2\/posts\/135492\/revisions"}],"wp:featuredmedia":[{"embeddable":true,"href":"https:\/\/zjarr.tv\/sq\/wp-json\/wp\/v2\/media\/135497"}],"wp:attachment":[{"href":"https:\/\/zjarr.tv\/sq\/wp-json\/wp\/v2\/media?parent=135492"}],"wp:term":[{"taxonomy":"category","embeddable":true,"href":"https:\/\/zjarr.tv\/sq\/wp-json\/wp\/v2\/categories?post=135492"},{"taxonomy":"post_tag","embeddable":true,"href":"https:\/\/zjarr.tv\/sq\/wp-json\/wp\/v2\/tags?post=135492"}],"curies":[{"name":"wp","href":"https:\/\/api.w.org\/{rel}","templated":true}]}}