{"id":135498,"date":"2020-08-22T15:03:51","date_gmt":"2020-08-22T13:03:51","guid":{"rendered":"https:\/\/zjarr.tv\/?p=135498"},"modified":"2020-08-22T15:03:51","modified_gmt":"2020-08-22T13:03:51","slug":"tirane-68-vjecari-gjendet-i-mbytur-ne-lume","status":"publish","type":"post","link":"https:\/\/zjarr.tv\/sq\/tirane-68-vjecari-gjendet-i-mbytur-ne-lume\/","title":{"rendered":"Tiran\u00eb, 68 vjecari gjendet i mbytur n\u00eb lum\u00eb"},"content":{"rendered":"<p>Nj\u00eb 68 vjecar u gjet i mbytur n\u00eb lum, n\u00eb Mullet n\u00eb or\u00ebt e para t\u00eb m\u00ebngjesit t\u00eb sot\u00ebm.<\/p>\n<p>Paraprakisht dyshohet se \u00ebsht\u00eb mbytur aksidentalisht<\/p>\n<p>Me dat\u00eb 22.08.2020, rreth or\u00ebs 03:25, n\u00eb Lum\u00eb, n\u00eb Mullet, \u00ebsht\u00eb gjetur i mbytur shtetasi Sh.P., rreth mosh\u00ebs 68 vje\u00e7.<\/p>\n<p>Grupi hetimor dhe sh\u00ebrbimet e Policis\u00eb ndodhen n\u00eb vendngjarje dhe vijon puna p\u00ebr zbardhjen e rrethanave t\u00eb ngjarjes, ku nga k\u00ebqyrja paraprake nuk konstatohen shenja dhune dhe paraprakisht dyshohet se \u00ebsht\u00eb mbytur aksidentalisht.<\/p>\n","protected":false},"excerpt":{"rendered":"<p>Nj\u00eb 68 vjecar u gjet i mbytur n\u00eb lum, n\u00eb Mullet n\u00eb or\u00ebt e para t\u00eb m\u00ebngjesit t\u00eb sot\u00ebm. Paraprakisht dyshohet se \u00ebsht\u00eb mbytur aksidentalisht Me dat\u00eb 22.08.2020, rreth or\u00ebs 03:25, n\u00eb Lum\u00eb, n\u00eb Mullet, \u00ebsht\u00eb gjetur i mbytur shtetasi Sh.P., rreth mosh\u00ebs 68 vje\u00e7. Grupi hetimor dhe sh\u00ebrbimet e Policis\u00eb ndodhen n\u00eb vendngjarje dhe [&hellip;]<\/p>\n","protected":false},"author":2020,"featured_media":135499,"comment_status":"open","ping_status":"closed","sticky":false,"template":"","format":"standard","meta":{"footnotes":""},"categories":[241,235],"tags":[],"class_list":{"0":"post-135498","1":"post","2":"type-post","3":"status-publish","4":"format-standard","5":"has-post-thumbnail","7":"category-aktualitet","8":"category-vendi"},"_links":{"self":[{"href":"https:\/\/zjarr.tv\/sq\/wp-json\/wp\/v2\/posts\/135498","targetHints":{"allow":["GET"]}}],"collection":[{"href":"https:\/\/zjarr.tv\/sq\/wp-json\/wp\/v2\/posts"}],"about":[{"href":"https:\/\/zjarr.tv\/sq\/wp-json\/wp\/v2\/types\/post"}],"author":[{"embeddable":true,"href":"https:\/\/zjarr.tv\/sq\/wp-json\/wp\/v2\/users\/2020"}],"replies":[{"embeddable":true,"href":"https:\/\/zjarr.tv\/sq\/wp-json\/wp\/v2\/comments?post=135498"}],"version-history":[{"count":0,"href":"https:\/\/zjarr.tv\/sq\/wp-json\/wp\/v2\/posts\/135498\/revisions"}],"wp:featuredmedia":[{"embeddable":true,"href":"https:\/\/zjarr.tv\/sq\/wp-json\/wp\/v2\/media\/135499"}],"wp:attachment":[{"href":"https:\/\/zjarr.tv\/sq\/wp-json\/wp\/v2\/media?parent=135498"}],"wp:term":[{"taxonomy":"category","embeddable":true,"href":"https:\/\/zjarr.tv\/sq\/wp-json\/wp\/v2\/categories?post=135498"},{"taxonomy":"post_tag","embeddable":true,"href":"https:\/\/zjarr.tv\/sq\/wp-json\/wp\/v2\/tags?post=135498"}],"curies":[{"name":"wp","href":"https:\/\/api.w.org\/{rel}","templated":true}]}}