{"id":135509,"date":"2020-08-22T15:20:20","date_gmt":"2020-08-22T13:20:20","guid":{"rendered":"https:\/\/zjarr.tv\/?p=135509"},"modified":"2020-08-22T15:21:41","modified_gmt":"2020-08-22T13:21:41","slug":"pesoi-hemoragji-cerebrale-por-luftoi-fort-per-jeten-uran-kostreci-le-spitalin-del-per-kafe-gjithe-shendet","status":"publish","type":"post","link":"https:\/\/zjarr.tv\/sq\/pesoi-hemoragji-cerebrale-por-luftoi-fort-per-jeten-uran-kostreci-le-spitalin-del-per-kafe-gjithe-shendet\/","title":{"rendered":"P\u00ebsoi hemoragji cerebrale por luftoi fort p\u00ebr jet\u00ebn Uran Kostreci l\u00eb spitalin, del p\u00ebr kafe gjith\u00eb sh\u00ebndet"},"content":{"rendered":"<p>Java q\u00eb po l\u00ebm\u00eb pas ishte mjaft e v\u00ebshtir\u00eb p\u00ebr nj\u00eb nga ikonat e antikomunizmit shqiptar, Uran Kostrecin. Uran Kostreci, p\u00ebsoi nj\u00eb hemoragji cerebrale, dhe p\u00ebr disa koh\u00eb ishte n\u00eb kujdesin e mjek\u00ebve.<\/p>\n<p>Por fatmir\u00ebsisht Uran Kostreci ka l\u00ebn\u00eb spitalin pas nj\u00eb beteje v\u00ebrtet serioze p\u00ebr jet\u00ebn. Nj\u00eb nga ato raste ku beson se zoti \u00ebsht\u00eb v\u00ebrtet i madh dhe mund t\u00eb b\u00ebj\u00eb mrekulli sa hap e mbyll syt\u00eb.<\/p>\n<p>\u00cbsht\u00eb studiuesi Erald Kapri ai q\u00eb ka publikuar nj\u00eb foto me t\u00eb, vet\u00ebm nj\u00eb dit\u00eb pasi i uronte sh\u00ebrim t\u00eb shpejt\u00eb dhe shprehte d\u00ebshir\u00ebn p\u00ebr nj\u00eb kafe tjet\u00ebr me \u2018disidentin\u2019.<\/p>\n<p>\u201cShpreha nj\u00eb d\u00ebshir\u00eb n\u00eb shkrim, nj\u00eb kafe. Ma plot\u00ebsoi direkt. Optimist i pandreqsh\u00ebm\u201d, shkruan Kapri.<br \/>\nArtikulli \u2018Kafe me nj\u00eb disident\u2019 shkruar nj\u00eb dit\u00eb m\u00eb par\u00eb nga Erald Kapri.<\/p>\n<p>T\u00eb shkruash p\u00ebr nj\u00eb mik \u00ebsht\u00eb e v\u00ebshtir\u00eb. T\u00eb shkruash p\u00ebr Uran Kostrecin \u00ebsht\u00eb akoma m\u00eb e v\u00ebshtir\u00eb. Poeti 82-vje\u00e7ar kaloi disa dit\u00eb t\u00eb v\u00ebshtira i shtruar n\u00eb spital dhe fal\u00eb Zotit po b\u00ebhet m\u00eb mir\u00eb!<br \/>\nTakimi i par\u00eb me Uranin erdhi rast\u00ebsisht kur u ndodh\u00ebm n\u00eb nj\u00eb promovim libri. I veshur me kostum, nj\u00eb jelek q\u00eb mb\u00ebrrinte tegryka, e kapele republike t\u00eb dukej sikur takoje nj\u00eb prej atyre mendimtar\u00ebve t\u00eb viteve \u201830-40.<\/p>\n<p>Ai gjendet shpesh n\u00eb nj\u00eb nga kafenet\u00eb e qeta t\u00eb Tiran\u00ebs, ku kamerier\u00ebt e presin me kafen gati dhe tavolin\u00ebn e rezervuar. Ftesat e tij p\u00ebr kafe jan\u00eb nj\u00eb rast q\u00eb nuk mund t\u00eb humben leht\u00eb.<br \/>\nUrani \u00ebsht\u00eb nj\u00eb nd\u00ebr t\u00eb rrall\u00ebt e mbetur mes nesh nga \u201cmandelate Shqip\u00ebris\u00eb\u201d. B\u00ebri m\u00eb shum\u00eb se 23 vite burg, kryesisht n\u00eb Burrel, i arrestuar sapo kaloi t\u00eb 20-at kur priste t\u00eb niste pun\u00eb si m\u00ebsues. U arrestua p\u00ebr shkak t\u00eb nj\u00eb poezie. Ai u rid\u00ebnua sepse nuk b\u00ebri kompromis me idealin antikomunist. Q\u00ebndresa n\u00eb burg respektohej edhe nga persekutor\u00ebt m\u00eb t\u00eb dalluar.<\/p>\n<p>Poeti i sonetave nuk arriti dot t\u00eb mbaroj\u00eb universitetin, p\u00ebrve\u00e7 Normales s\u00eb Elbasanit. Por jeta n\u00eb burg e lidhi pran\u00eb me disa prej mendjeve m\u00eb t\u00eb zgjuara t\u00eb koh\u00ebs q\u00eb ngrysnin dit\u00ebt bashk\u00eb. Kultura e Uranit kalon at\u00eb t\u00eb nj\u00eb pedagogu let\u00ebrsie apo historie ku shpesh t\u00eb p\u00ebrshkruan pasazhe t\u00eb njohura me nj\u00eb anglishte mjaft korrekte. Ndoshta \u00ebsht\u00eb i vetmi gjall\u00eb sot q\u00eb mund t\u00eb p\u00ebrshkruaj\u00eb me detaje jet\u00ebn n\u00eb \u201cUniversitetin e Burrelit\u201d, burgun fam\u00ebkeq ku mbyll\u00ebn dit\u00ebt kund\u00ebrshtar\u00ebt e regjimit komunist.<br \/>\nReciton n\u00eb italisht Dante Aligerin fal\u00eb m\u00ebsimeve n\u00eb burg nga Engj\u00ebll \u00c7oba apo debaton mbi filozofin\u00eb fal\u00eb leximeve me Ko\u00e7oTasin a Don Nikoll\u00eb Mazrekun.<\/p>\n<p>Urani, pas t\u00eb 50-ve, pasi mbaroi burgimin, nisi nj\u00eb jet\u00eb t\u00eb re. Nuk arriti dot t\u00eb krijoj\u00eb familje por asnj\u00ebher\u00eb nuk jetoi vet\u00ebm. \u00cbsht\u00eb nd\u00ebr t\u00eb pakt\u00ebt q\u00eb ka vizituar pjes\u00ebn m\u00eb t\u00eb madhe t\u00eb shkollave t\u00eb vendit p\u00ebr arsye se \u00ebsht\u00eb b\u00ebr\u00eb pjes\u00eb e nj\u00eb bashk\u00ebbisedimi me t\u00eb rinjt\u00eb p\u00ebr t\u00eb kaluar\u00ebn e diktatur\u00ebs. Udh\u00ebtimet dhe leximet jan\u00eb hobi dhe pasionet e tij nuk kan\u00eb ndaluar asnj\u00eb dit\u00eb. Krahas kostumit, nj\u00eb \u00e7ant\u00eb krahu shoq\u00ebron Uranin, e tejmbushur me dor\u00ebshkrime dhe me librat e fundit q\u00eb dalin n\u00eb bibliotekat e Tiran\u00ebs.<\/p>\n<p>Filozofia e Uranit \u00ebsht\u00eb ajo e nj\u00eb shpirti fisnik. Ai nuk urren ask\u00ebnd. Madje as persekutor\u00ebt e tij. Tek rr\u00ebfente nj\u00eb takim me nj\u00ebrin prej tyre, iu shpreh se e m\u00ebshironte dhe uronte q\u00eb nj\u00eb dit\u00eb ai t\u00eb kuptonte se \u00e7far\u00eb dramash kishte shkaktuar.<\/p>\n<p>Jeta n\u00eb liri i dha mund\u00ebsin\u00eb t\u00eb botoj\u00eb lirsh\u00ebm sonetat e tij, mes tyre \u201cEpopen\u00eb e karkalecave\u201d, mij\u00ebra vargje q\u00eb i m\u00ebsoi p\u00ebrmend\u00ebsh n\u00eb burg. Faqja e tij e Facebook-ut p\u00ebrdit\u00ebsohet shpesh me krijime t\u00eb reja q\u00eb u kushtohen kryesisht personazheve historike dhe fenomeneve shqet\u00ebsuese t\u00eb s\u00eb sotmes.<br \/>\nMir\u00ebsjellja e Uranit nuk u p\u00ebrket dit\u00ebve t\u00eb sotme. Nj\u00eb humor q\u00eb nuk gjendet leht\u00eb n\u00eb kryeqytet. Kur e pyet si je, Urani t\u00eb p\u00ebrgjigjet: Kam hallin tuaj se un\u00eb jam mir\u00eb!<\/p>\n<p>Nj\u00eb prej historive q\u00eb shkulesh gazit, nga ato t\u00eb burgut, \u00ebsht\u00eb mbi nj\u00eb minoritar t\u00eb shkret\u00eb q\u00eb ishte d\u00ebnuar p\u00ebr bashk\u00ebpunim me CIA-n. Sigurimi e kishte arrestuar se bariu kulloste bag\u00ebtin\u00eb af\u00ebr kufirit dhe dyshonin se ai ishte rekrutuar nga per\u00ebndimor\u00ebt. E p\u00ebr \u00e7far\u00eb duhet t\u00eb rekrutonin nj\u00eb bari xhan\u00ebm?! E nejse, n\u00eb hetuesi sigurimsat i p\u00ebrs\u00ebrisnin se ai ishte takuar me CIA-n. Bariu minoritar, tek d\u00ebgjonte CIA-n, mendoi se po flisnin p\u00ebr hall\u00ebn e tij, se greqisht ting\u00ebllonte si \u201cThia!\u201d<\/p>\n<p>\u201cPo \u2013 iu p\u00ebrgjigj i ziu- e kam takuar\u201d. Sigurimi insistonte dhe ai vazhdonte. \u201c\u2013Thias i vajta n\u00eb sht\u00ebpi, m\u00eb priti mir\u00eb\u201d. E k\u00ebshtu, bariu u d\u00ebnua ca vite p\u00ebr veprimtari armiq\u00ebsore.<\/p>\n<p>Modestia nuk ka lejuar q\u00eb jeta e tij t\u00eb ket\u00eb v\u00ebmendje t\u00eb shtuar por ai \u00ebsht\u00eb nd\u00ebr t\u00eb pakt\u00ebt disident\u00eb shqiptar\u00eb. \u00c7dokush q\u00eb e ka njohur t\u00eb jep t\u00eb drejt\u00eb p\u00ebr k\u00ebt\u00eb. Tirana dhe ne miqt\u00eb e tij mezi presim t\u00eb shihemi s\u00ebrish me Uranin, atje te kafja e tij, p\u00ebr t\u00eb marr\u00eb sadopak nga optimizmi i tij i pashtersh\u00ebm. T\u00eb presim Uran! Sh\u00ebrim t\u00eb shpejt\u00eb!<\/p>\n<div class=\"post-bottom-meta\">\n<div class=\"post-bottom-meta-title\"><\/div>\n<\/div>\n","protected":false},"excerpt":{"rendered":"<p>Java q\u00eb po l\u00ebm\u00eb pas ishte mjaft e v\u00ebshtir\u00eb p\u00ebr nj\u00eb nga ikonat e antikomunizmit shqiptar, Uran Kostrecin. Uran Kostreci, p\u00ebsoi nj\u00eb hemoragji cerebrale, dhe p\u00ebr disa koh\u00eb ishte n\u00eb kujdesin e mjek\u00ebve. Por fatmir\u00ebsisht Uran Kostreci ka l\u00ebn\u00eb spitalin pas nj\u00eb beteje v\u00ebrtet serioze p\u00ebr jet\u00ebn. Nj\u00eb nga ato raste ku beson se zoti [&hellip;]<\/p>\n","protected":false},"author":2020,"featured_media":135512,"comment_status":"open","ping_status":"closed","sticky":false,"template":"","format":"standard","meta":{"footnotes":""},"categories":[241,235],"tags":[],"class_list":{"0":"post-135509","1":"post","2":"type-post","3":"status-publish","4":"format-standard","5":"has-post-thumbnail","7":"category-aktualitet","8":"category-vendi"},"_links":{"self":[{"href":"https:\/\/zjarr.tv\/sq\/wp-json\/wp\/v2\/posts\/135509","targetHints":{"allow":["GET"]}}],"collection":[{"href":"https:\/\/zjarr.tv\/sq\/wp-json\/wp\/v2\/posts"}],"about":[{"href":"https:\/\/zjarr.tv\/sq\/wp-json\/wp\/v2\/types\/post"}],"author":[{"embeddable":true,"href":"https:\/\/zjarr.tv\/sq\/wp-json\/wp\/v2\/users\/2020"}],"replies":[{"embeddable":true,"href":"https:\/\/zjarr.tv\/sq\/wp-json\/wp\/v2\/comments?post=135509"}],"version-history":[{"count":0,"href":"https:\/\/zjarr.tv\/sq\/wp-json\/wp\/v2\/posts\/135509\/revisions"}],"wp:featuredmedia":[{"embeddable":true,"href":"https:\/\/zjarr.tv\/sq\/wp-json\/wp\/v2\/media\/135512"}],"wp:attachment":[{"href":"https:\/\/zjarr.tv\/sq\/wp-json\/wp\/v2\/media?parent=135509"}],"wp:term":[{"taxonomy":"category","embeddable":true,"href":"https:\/\/zjarr.tv\/sq\/wp-json\/wp\/v2\/categories?post=135509"},{"taxonomy":"post_tag","embeddable":true,"href":"https:\/\/zjarr.tv\/sq\/wp-json\/wp\/v2\/tags?post=135509"}],"curies":[{"name":"wp","href":"https:\/\/api.w.org\/{rel}","templated":true}]}}