{"id":135516,"date":"2020-08-22T15:32:31","date_gmt":"2020-08-22T13:32:31","guid":{"rendered":"https:\/\/zjarr.tv\/?p=135516"},"modified":"2020-08-22T15:32:31","modified_gmt":"2020-08-22T13:32:31","slug":"prinderit-po-e-kerkonin-me-ankth-gjendet-djali-dy-vjecari-qe-ishte-zhdukur-prej-nje-dite","status":"publish","type":"post","link":"https:\/\/zjarr.tv\/sq\/prinderit-po-e-kerkonin-me-ankth-gjendet-djali-dy-vjecari-qe-ishte-zhdukur-prej-nje-dite\/","title":{"rendered":"Prinderit po e k\u00ebrkonin me ankth, gjendet djali dy vjecari q\u00eb ishte zhdukur prej nj\u00eb dite"},"content":{"rendered":"<p>Komuna e Malishev\u00ebs ka konfirmuar se f\u00ebmija 2 vje\u00e7ar i cili kishte humbur dje, \u00ebsht\u00eb gjetur n\u00eb pyll nga Astrit Kryeziu, n\u00eb gjendje t\u00eb mir\u00eb sh\u00ebndet\u00ebsore.<\/p>\n<p>Ai tashm\u00eb \u00ebsht\u00eb duke u d\u00ebrguar p\u00ebr kontroll mjek\u00ebsore. \u201cGjendet 2 vje\u00e7ari I humbur dje. Aktualisht \u00ebsht\u00eb duke u d\u00ebrguar p\u00ebr kontroll mjek\u00ebsore n\u00eb Malishev\u00eb.\u201d, njofton komuna.<\/p>\n<p>P\u00ebr gjetjen e 2 vje\u00e7arit ka reaguar edhe kreu i AKR\u2019s\u00eb, Behgjet Pacolli. \u201cGjendet f\u00ebmija 2 vje\u00e7ar, n\u00eb gjendje t\u00eb mir\u00eb. Faleminderit gjith\u00ebve!\u201d, ka shkruar Pacolli.<\/p>\n","protected":false},"excerpt":{"rendered":"<p>Komuna e Malishev\u00ebs ka konfirmuar se f\u00ebmija 2 vje\u00e7ar i cili kishte humbur dje, \u00ebsht\u00eb gjetur n\u00eb pyll nga Astrit Kryeziu, n\u00eb gjendje t\u00eb mir\u00eb sh\u00ebndet\u00ebsore. Ai tashm\u00eb \u00ebsht\u00eb duke u d\u00ebrguar p\u00ebr kontroll mjek\u00ebsore. \u201cGjendet 2 vje\u00e7ari I humbur dje. Aktualisht \u00ebsht\u00eb duke u d\u00ebrguar p\u00ebr kontroll mjek\u00ebsore n\u00eb Malishev\u00eb.\u201d, njofton komuna. P\u00ebr gjetjen [&hellip;]<\/p>\n","protected":false},"author":2020,"featured_media":135517,"comment_status":"open","ping_status":"closed","sticky":false,"template":"","format":"standard","meta":{"footnotes":""},"categories":[241,235],"tags":[],"class_list":{"0":"post-135516","1":"post","2":"type-post","3":"status-publish","4":"format-standard","5":"has-post-thumbnail","7":"category-aktualitet","8":"category-vendi"},"_links":{"self":[{"href":"https:\/\/zjarr.tv\/sq\/wp-json\/wp\/v2\/posts\/135516","targetHints":{"allow":["GET"]}}],"collection":[{"href":"https:\/\/zjarr.tv\/sq\/wp-json\/wp\/v2\/posts"}],"about":[{"href":"https:\/\/zjarr.tv\/sq\/wp-json\/wp\/v2\/types\/post"}],"author":[{"embeddable":true,"href":"https:\/\/zjarr.tv\/sq\/wp-json\/wp\/v2\/users\/2020"}],"replies":[{"embeddable":true,"href":"https:\/\/zjarr.tv\/sq\/wp-json\/wp\/v2\/comments?post=135516"}],"version-history":[{"count":0,"href":"https:\/\/zjarr.tv\/sq\/wp-json\/wp\/v2\/posts\/135516\/revisions"}],"wp:featuredmedia":[{"embeddable":true,"href":"https:\/\/zjarr.tv\/sq\/wp-json\/wp\/v2\/media\/135517"}],"wp:attachment":[{"href":"https:\/\/zjarr.tv\/sq\/wp-json\/wp\/v2\/media?parent=135516"}],"wp:term":[{"taxonomy":"category","embeddable":true,"href":"https:\/\/zjarr.tv\/sq\/wp-json\/wp\/v2\/categories?post=135516"},{"taxonomy":"post_tag","embeddable":true,"href":"https:\/\/zjarr.tv\/sq\/wp-json\/wp\/v2\/tags?post=135516"}],"curies":[{"name":"wp","href":"https:\/\/api.w.org\/{rel}","templated":true}]}}