{"id":135520,"date":"2020-08-22T15:45:42","date_gmt":"2020-08-22T13:45:42","guid":{"rendered":"https:\/\/zjarr.tv\/?p=135520"},"modified":"2020-08-22T15:51:20","modified_gmt":"2020-08-22T13:51:20","slug":"kapet-me-droge-ne-makinen-e-bashkise-procedohet-penalisht-shoferi-i-kryebashkiakes-se-ps-se-eshte-edhe-nipi-i-saj","status":"publish","type":"post","link":"https:\/\/zjarr.tv\/sq\/kapet-me-droge-ne-makinen-e-bashkise-procedohet-penalisht-shoferi-i-kryebashkiakes-se-ps-se-eshte-edhe-nipi-i-saj\/","title":{"rendered":"Kapet me dr\u00f2g\u00eb n\u00eb makin\u00ebn e bashkis\u00eb, procedohet penalisht shoferi i kryebashkiakes s\u00eb PS-s\u00eb, \u00ebsht\u00eb edhe nipi i saj"},"content":{"rendered":"<p>\u00cbsht\u00eb pr\u00f2ceduar penalisht Arben Bufi, 35-vje\u00e7, nipi i kryetares s\u00eb bashkis\u00eb s\u00eb Roskovecit, Majlinda Bufi.<\/p>\n<p>B\u00ebhet e ditur se 35-vje\u00e7ari, i cili \u00ebsht\u00eb edhe shofer i bashkis\u00eb s\u00eb Roskovecit, \u00ebsht\u00eb proceduar pasi \u00ebsht\u00eb kapur me dr\u00f2g\u00eb.<\/p>\n<p>M\u00ebsohet se dr\u00f2ga \u00ebsht\u00eb gjetur n\u00eb makinat e bashkis\u00eb q\u00eb p\u00ebrdorej p\u00ebr transportin e kryetares Majlinda Bufi gjat\u00eb ushtrimit t\u00eb detyr\u00ebs. Nuk dihet ende lloji dhe sasia e dr\u00f2g\u00ebs q\u00eb \u00ebsht\u00eb gjetur n\u00eb makin\u00ebn e Bufit.<\/p>\n<p>Nd\u00ebrkoh\u00eb deri m\u00eb tani n\u00eb lidhje me k\u00ebt\u00eb ngjarje nuk ka asnj\u00eb prononcim nga policia e Fierit dhe nga vet\u00eb kryebashkiakja Bufi.<\/p>\n<p>N\u00eb nj\u00eb njoftim m\u00eb her\u00ebt gjat\u00eb dit\u00ebs, Policia e Fierit informoi p\u00ebr procedimin e 35-vje\u00e7arit dhe disa personave t\u00eb tjer\u00eb, si dhe tre arrestime lidhur me vepra penale n\u00eb fush\u00ebn e narkotik\u00ebve.<\/p>\n<p>\u201cSpecialist\u00ebt p\u00ebr Hetimin e Narkotik\u00ebve n\u00eb DVP Fier, arrestuan n\u00eb flagranc\u00eb shtetasit: I. A., 20 vje\u00e7, banues n\u00eb Lushnj\u00eb. K. B., 29 vje\u00e7, banues n\u00eb Roskovec. D. V., 19 vje\u00e7, banues n\u00eb Mallakast\u00ebr. Arrestimi i k\u00ebtyre shtetasve u b\u00eb pasi gjat\u00eb kontrollit nga policia n\u00eb automjetet q\u00eb k\u00ebta udh\u00ebtonin, ju gjet\u00ebn doza me l\u00ebnd\u00eb narkotike kanabis, gati p\u00ebr shitje.<\/p>\n<p>Si edhe filloi procedimi penal n\u00eb gjendje t\u00eb lir\u00eb ndaj 5 shtetasve t\u00eb tjer\u00eb A. B. 35 vje\u00e7; R. B., 20 vje\u00e7; G. B., 22 vje\u00e7; F. Sh., 20 vje\u00e7 dhe O. Sh., 30 vje\u00e7, p\u00ebr vepr\u00ebn penale \u2018Prodhimi dhe shitja e nark\u00f2tik\u00ebve\u2019. Jan\u00eb sekuestruar n\u00eb cil\u00ebsin\u00eb e prov\u00ebs materiale 3 automjete dhe l\u00ebnda nark\u00f2tike. Materialet i kaluan Prokuroris\u00eb pran\u00eb Gjykat\u00ebs s\u00eb Shkall\u00ebs s\u00eb Par\u00eb Fier p\u00ebr veprat penale \u2018Prodhimi dhe shitja e nark\u00f2tik\u00ebve\u2019 dhe \u2018Nxitja p\u00ebr p\u00ebrdorimin e drog\u00ebs\u2019\u201d, njoftoi policia.<\/p>\n","protected":false},"excerpt":{"rendered":"<p>\u00cbsht\u00eb pr\u00f2ceduar penalisht Arben Bufi, 35-vje\u00e7, nipi i kryetares s\u00eb bashkis\u00eb s\u00eb Roskovecit, Majlinda Bufi. B\u00ebhet e ditur se 35-vje\u00e7ari, i cili \u00ebsht\u00eb edhe shofer i bashkis\u00eb s\u00eb Roskovecit, \u00ebsht\u00eb proceduar pasi \u00ebsht\u00eb kapur me dr\u00f2g\u00eb. M\u00ebsohet se dr\u00f2ga \u00ebsht\u00eb gjetur n\u00eb makinat e bashkis\u00eb q\u00eb p\u00ebrdorej p\u00ebr transportin e kryetares Majlinda Bufi gjat\u00eb ushtrimit [&hellip;]<\/p>\n","protected":false},"author":2020,"featured_media":99728,"comment_status":"open","ping_status":"closed","sticky":false,"template":"","format":"standard","meta":{"footnotes":""},"categories":[241,235],"tags":[],"class_list":{"0":"post-135520","1":"post","2":"type-post","3":"status-publish","4":"format-standard","5":"has-post-thumbnail","7":"category-aktualitet","8":"category-vendi"},"_links":{"self":[{"href":"https:\/\/zjarr.tv\/sq\/wp-json\/wp\/v2\/posts\/135520","targetHints":{"allow":["GET"]}}],"collection":[{"href":"https:\/\/zjarr.tv\/sq\/wp-json\/wp\/v2\/posts"}],"about":[{"href":"https:\/\/zjarr.tv\/sq\/wp-json\/wp\/v2\/types\/post"}],"author":[{"embeddable":true,"href":"https:\/\/zjarr.tv\/sq\/wp-json\/wp\/v2\/users\/2020"}],"replies":[{"embeddable":true,"href":"https:\/\/zjarr.tv\/sq\/wp-json\/wp\/v2\/comments?post=135520"}],"version-history":[{"count":0,"href":"https:\/\/zjarr.tv\/sq\/wp-json\/wp\/v2\/posts\/135520\/revisions"}],"wp:featuredmedia":[{"embeddable":true,"href":"https:\/\/zjarr.tv\/sq\/wp-json\/wp\/v2\/media\/99728"}],"wp:attachment":[{"href":"https:\/\/zjarr.tv\/sq\/wp-json\/wp\/v2\/media?parent=135520"}],"wp:term":[{"taxonomy":"category","embeddable":true,"href":"https:\/\/zjarr.tv\/sq\/wp-json\/wp\/v2\/categories?post=135520"},{"taxonomy":"post_tag","embeddable":true,"href":"https:\/\/zjarr.tv\/sq\/wp-json\/wp\/v2\/tags?post=135520"}],"curies":[{"name":"wp","href":"https:\/\/api.w.org\/{rel}","templated":true}]}}