{"id":135532,"date":"2020-08-22T16:13:15","date_gmt":"2020-08-22T14:13:15","guid":{"rendered":"https:\/\/zjarr.tv\/?p=135532"},"modified":"2020-08-22T16:14:00","modified_gmt":"2020-08-22T14:14:00","slug":"i-ushtruan-presion-te-nenshkruante-deklarate-me-vlere-500-mije-leke-kush-jane-dy-personat-qe-u-arrestuan-ne-pogradec-emrat","status":"publish","type":"post","link":"https:\/\/zjarr.tv\/sq\/i-ushtruan-presion-te-nenshkruante-deklarate-me-vlere-500-mije-leke-kush-jane-dy-personat-qe-u-arrestuan-ne-pogradec-emrat\/","title":{"rendered":"I ushtruan presion t\u00eb n\u00ebnshkruante deklarat\u00eb me vler\u00eb 500 mij\u00eb lek\u00eb, kush jan\u00eb dy personat q\u00eb u arrestuan n\u00eb Pogradec (EMRAT)"},"content":{"rendered":"<p>Policia e Porgradecit ka v\u00ebn\u00eb n\u00eb pranga dy persona, t\u00eb identifikuar si G\u00ebzim Memelli, 68 vje\u00e7 dhe Enver Shaho, 46 vje\u00e7 pasi dyshohet q\u00eb i kan\u00eb ushtruar presion nj\u00eb 40-vje\u00e7ari.<\/p>\n<p>M\u00eb dat\u00eb 20 Gusht, dyshohet se i b\u00ebn\u00eb presion t\u00eb n\u00ebnshkruante nj\u00eb deklarat\u00eb noteriale me vler\u00eb 500 mij\u00eb lek\u00eb.<\/p>\n<p>Njoftimi i plot\u00eb: Policia e Pogradecit ka arrestuar dy persona, pasi akuzohen p\u00ebr vepr\u00ebn penale \u201cShtr\u00ebngimi me an\u00eb t\u00eb kanosjes p\u00ebr dh\u00ebnien e pasuris\u00eb\u201d. Specialist\u00ebt p\u00ebr Hetimin e Krimeve n\u00eb Komisariatin e Policis\u00eb Pogradec b\u00ebn\u00eb arrestimin n\u00eb flagranc\u00eb t\u00eb shtetasve: \u2022 G.M., 68 vje\u00e7, banues n\u00eb Tiran\u00eb; \u2022 E.Sh., 46 vje\u00e7, banues n\u00eb Pogradec.<\/p>\n<p>Arrestimi i tyre u b\u00eb pasi, dyshohet se k\u00ebta shtetas m\u00eb dat\u00eb 20.08.2020, n\u00eb Pogradec, kan\u00eb ushtruar presion ndaj nj\u00eb 40-vje\u00e7ari, me q\u00ebllim q\u00eb ky i fundit t\u00eb n\u00ebnshkruante me dy t\u00eb lartp\u00ebrmendurit nj\u00eb deklarat\u00eb noteriale huamarrje, me vler\u00eb 500.000 lek\u00eb.<\/p>\n<p>Materialet i kaluan Prokuroris\u00eb Pran\u00eb Gjykat\u00ebs s\u00eb Shkall\u00ebs s\u00eb Par\u00eb Pogradec p\u00ebr hetime t\u00eb m\u00ebtejshme.<\/p>\n","protected":false},"excerpt":{"rendered":"<p>Policia e Porgradecit ka v\u00ebn\u00eb n\u00eb pranga dy persona, t\u00eb identifikuar si G\u00ebzim Memelli, 68 vje\u00e7 dhe Enver Shaho, 46 vje\u00e7 pasi dyshohet q\u00eb i kan\u00eb ushtruar presion nj\u00eb 40-vje\u00e7ari. M\u00eb dat\u00eb 20 Gusht, dyshohet se i b\u00ebn\u00eb presion t\u00eb n\u00ebnshkruante nj\u00eb deklarat\u00eb noteriale me vler\u00eb 500 mij\u00eb lek\u00eb. Njoftimi i plot\u00eb: Policia e Pogradecit [&hellip;]<\/p>\n","protected":false},"author":2020,"featured_media":0,"comment_status":"open","ping_status":"closed","sticky":false,"template":"","format":"standard","meta":{"footnotes":""},"categories":[241,235],"tags":[],"class_list":{"0":"post-135532","1":"post","2":"type-post","3":"status-publish","4":"format-standard","6":"category-aktualitet","7":"category-vendi"},"_links":{"self":[{"href":"https:\/\/zjarr.tv\/sq\/wp-json\/wp\/v2\/posts\/135532","targetHints":{"allow":["GET"]}}],"collection":[{"href":"https:\/\/zjarr.tv\/sq\/wp-json\/wp\/v2\/posts"}],"about":[{"href":"https:\/\/zjarr.tv\/sq\/wp-json\/wp\/v2\/types\/post"}],"author":[{"embeddable":true,"href":"https:\/\/zjarr.tv\/sq\/wp-json\/wp\/v2\/users\/2020"}],"replies":[{"embeddable":true,"href":"https:\/\/zjarr.tv\/sq\/wp-json\/wp\/v2\/comments?post=135532"}],"version-history":[{"count":0,"href":"https:\/\/zjarr.tv\/sq\/wp-json\/wp\/v2\/posts\/135532\/revisions"}],"wp:attachment":[{"href":"https:\/\/zjarr.tv\/sq\/wp-json\/wp\/v2\/media?parent=135532"}],"wp:term":[{"taxonomy":"category","embeddable":true,"href":"https:\/\/zjarr.tv\/sq\/wp-json\/wp\/v2\/categories?post=135532"},{"taxonomy":"post_tag","embeddable":true,"href":"https:\/\/zjarr.tv\/sq\/wp-json\/wp\/v2\/tags?post=135532"}],"curies":[{"name":"wp","href":"https:\/\/api.w.org\/{rel}","templated":true}]}}