{"id":135547,"date":"2020-08-22T16:54:45","date_gmt":"2020-08-22T14:54:45","guid":{"rendered":"https:\/\/zjarr.tv\/?p=135547"},"modified":"2020-08-22T16:54:45","modified_gmt":"2020-08-22T14:54:45","slug":"pas-36-oresh-merr-fund-makthi-per-banoret-e-peqinit-reagon-balla-policia-te-ndeshkoje-ashpersisht-shkaktaret-e-zjarrit","status":"publish","type":"post","link":"https:\/\/zjarr.tv\/sq\/pas-36-oresh-merr-fund-makthi-per-banoret-e-peqinit-reagon-balla-policia-te-ndeshkoje-ashpersisht-shkaktaret-e-zjarrit\/","title":{"rendered":"Pas 36 or\u00ebsh, merr fund makthi p\u00ebr banor\u00ebt e Peqinit\/ Reagon Balla: Policia t\u00eb nd\u00ebshkoj\u00eb ashp\u00ebrsisht shkaktar\u00ebt e zjarrit"},"content":{"rendered":"<p>Zjarri i p\u00ebrmasave t\u00eb m\u00ebdha n\u00eb zon\u00ebn e Peqinit q\u00eb shkrumboi qindra rr\u00ebnj\u00eb ullinj \u00ebsht\u00eb v\u00ebn\u00eb n\u00eb kontroll pas 36 or\u00ebsh betej\u00eb. Kryetari i grupit parlamentar t\u00eb PS, Taulant Balla b\u00ebn me dije se aktualisht nuk ka asnj\u00eb vat\u00ebr ative n\u00eb nj\u00ebsin\u00eb administrative Karin\u00eb.<\/p>\n<p>N\u00eb nj\u00eb shkrim n\u00eb Facebook, Balla fal\u00ebnderon t\u00eb gjith\u00eb forcat q\u00eb punuan p\u00ebr shuarjen e flak\u00ebve dhe njofton se policis\u00eb i \u00ebsht\u00eb k\u00ebrkuar q\u00eb t\u00eb hetohet p\u00ebr shkaktar\u00ebt.<\/p>\n<p>\u201cDua t\u00eb falenderoj forcat zjarr\u00ebfik\u00ebse t\u00eb bashkive t\u00eb qarkut Elbasan si dhe ato t\u00eb Ministris\u00eb s\u00eb Mbrojtjes p\u00ebr pun\u00ebn e b\u00ebr\u00eb. Bashk\u00eb me Kryetarin e Bashkis\u00eb Peqin Lorenc Tosku u informuam nga Shtabi i Emergjenc\u00ebs mbi d\u00ebmet e shkaktuara t\u00eb cilat shkojn\u00eb n\u00eb disa hektar\u00eb. I kemi k\u00ebrkuar Policis\u00eb s\u00eb Shtetit dhe Prokuroris\u00eb t\u00eb hetojn\u00eb shkaqet e zjarrit dhe shkaktar\u00ebt t\u00eb identifikohen dhe t\u00eb nd\u00ebrshkohen ashp\u00ebrsisht\u201d, shkroi Balla.<\/p>\n<p>Dit\u00ebn e djeshme, Faxweb.al raportoi se flak\u00ebt kishin pe\u0308rfshire\u0308 Kurore\u0308n e Peqinit dhe rrezikonin banesat q\u00eb ndodhen shum\u00eb pran\u00eb vatrave. Flake\u0308t e zjarrit d\u00ebmtuan qindra rr\u00ebnj\u00eb ulliri, nde\u0308rsa soll\u00ebn shqete\u0308sime edhe pe\u0308r banore\u0308t.<\/p>\n<p>Kujtojme\u0308 se koh\u00ebt e fundit, ne\u0308 vend ka pasur disa vatra te\u0308 zjarrit, duke qene\u0308 nje\u0308 problem real pe\u0308r natyre\u0308n e qytetare\u0308t shqiptare\u0308. Edhe ne\u0308 qarkun e Elbasnait, de\u0308met kane\u0308 qene\u0308 te\u0308 shumta thuajse ne\u0308 te\u0308 gjitha bashkite\u0308.<\/p>\n<p>Pe\u0308rmendim sipe\u0308rfaqet e djegura ne\u0308 Gure\u0308 i Zi te\u0308 Labinotit-Mal ku u desh nde\u0308rhyrja nga ajri, dhe sipe\u0308rfaqa e djegur ne\u0308 pyjet e Gramshit po ashtu.<\/p>\n","protected":false},"excerpt":{"rendered":"<p>Zjarri i p\u00ebrmasave t\u00eb m\u00ebdha n\u00eb zon\u00ebn e Peqinit q\u00eb shkrumboi qindra rr\u00ebnj\u00eb ullinj \u00ebsht\u00eb v\u00ebn\u00eb n\u00eb kontroll pas 36 or\u00ebsh betej\u00eb. Kryetari i grupit parlamentar t\u00eb PS, Taulant Balla b\u00ebn me dije se aktualisht nuk ka asnj\u00eb vat\u00ebr ative n\u00eb nj\u00ebsin\u00eb administrative Karin\u00eb. N\u00eb nj\u00eb shkrim n\u00eb Facebook, Balla fal\u00ebnderon t\u00eb gjith\u00eb forcat q\u00eb [&hellip;]<\/p>\n","protected":false},"author":2020,"featured_media":135548,"comment_status":"open","ping_status":"closed","sticky":false,"template":"","format":"standard","meta":{"footnotes":""},"categories":[241,235],"tags":[],"class_list":{"0":"post-135547","1":"post","2":"type-post","3":"status-publish","4":"format-standard","5":"has-post-thumbnail","7":"category-aktualitet","8":"category-vendi"},"_links":{"self":[{"href":"https:\/\/zjarr.tv\/sq\/wp-json\/wp\/v2\/posts\/135547","targetHints":{"allow":["GET"]}}],"collection":[{"href":"https:\/\/zjarr.tv\/sq\/wp-json\/wp\/v2\/posts"}],"about":[{"href":"https:\/\/zjarr.tv\/sq\/wp-json\/wp\/v2\/types\/post"}],"author":[{"embeddable":true,"href":"https:\/\/zjarr.tv\/sq\/wp-json\/wp\/v2\/users\/2020"}],"replies":[{"embeddable":true,"href":"https:\/\/zjarr.tv\/sq\/wp-json\/wp\/v2\/comments?post=135547"}],"version-history":[{"count":0,"href":"https:\/\/zjarr.tv\/sq\/wp-json\/wp\/v2\/posts\/135547\/revisions"}],"wp:featuredmedia":[{"embeddable":true,"href":"https:\/\/zjarr.tv\/sq\/wp-json\/wp\/v2\/media\/135548"}],"wp:attachment":[{"href":"https:\/\/zjarr.tv\/sq\/wp-json\/wp\/v2\/media?parent=135547"}],"wp:term":[{"taxonomy":"category","embeddable":true,"href":"https:\/\/zjarr.tv\/sq\/wp-json\/wp\/v2\/categories?post=135547"},{"taxonomy":"post_tag","embeddable":true,"href":"https:\/\/zjarr.tv\/sq\/wp-json\/wp\/v2\/tags?post=135547"}],"curies":[{"name":"wp","href":"https:\/\/api.w.org\/{rel}","templated":true}]}}