{"id":135551,"date":"2020-08-22T17:01:23","date_gmt":"2020-08-22T15:01:23","guid":{"rendered":"https:\/\/zjarr.tv\/?p=135551"},"modified":"2020-08-22T17:01:23","modified_gmt":"2020-08-22T15:01:23","slug":"si-u-gjet-femija-2-vjec-qe-u-zhduk-ne-menyre-misterioze-nga-familja","status":"publish","type":"post","link":"https:\/\/zjarr.tv\/sq\/si-u-gjet-femija-2-vjec-qe-u-zhduk-ne-menyre-misterioze-nga-familja\/","title":{"rendered":"si u gjet f\u00ebmija 2 vje\u00e7 q\u00eb u zhduk n\u00eb m\u00ebnyr\u00eb misterioze nga familja"},"content":{"rendered":"<p>Astrit Kryeziu \u00ebsht\u00eb nj\u00eb prej personave i cili sot n\u00eb Malishev\u00eb iu ishte bashkuar grupeve t\u00eb k\u00ebrkimit p\u00ebr gjetjen e 2 vje\u00e7arit q\u00eb kishte humbur nga dita e djeshme.<\/p>\n<p>Astriti\u00a0 ka rr\u00ebfyer strategjin\u00eb e k\u00ebrkimit n\u00eb momentin kur kishin arritur n\u00eb vendin ku po k\u00ebrkohej vog\u00eblushi. Ai ka th\u00ebn\u00eb se kishin insistuar q\u00eb t\u00eb k\u00ebrkonin n\u00eb vendin ku nj\u00eb prej kamerave t\u00eb sht\u00ebpive e kishte regjistruar Tianin p\u00ebr her\u00ebn e fundit.<\/p>\n<p>\u201cN\u00eb mbr\u00ebm\u00eb jemi njoftuar se Tiani ka humb. Menduam se do t\u00eb gjendet nga rrethi k\u00ebtu nga fshati. Por sot n\u00eb m\u00ebngjes e kuptuam se nuk \u00ebsht\u00eb gjetur, dhe un\u00eb Astrit Kryeziu bashk\u00eb me v\u00ebllain Zenunin dhe Valdet Kryeziun e Shk\u00eblzen Kryeziun.<\/p>\n<p>Fillimisht kotaktuam me FSK\u2019n\u00eb dhe Policin\u00eb, dhe ata na udh\u00ebzuan. Pas disa or\u00ebsh k\u00ebrkimi, ne kuptuam se nj\u00eb sht\u00ebpi k\u00ebtu n\u00eb nj\u00eb kthes\u00eb, kamerat e saj e kan\u00eb gjiruar djalin p\u00ebr her\u00eb t\u00eb fundit\u201d, ka treguar Kryeziu.<\/p>\n<p>Tutje ka th\u00ebn\u00eb se bazuar n\u00eb xhirimet e kamer\u00ebs s\u00eb sht\u00ebpis\u00eb, kan\u00eb vler\u00ebsuar se Tiani nuk mund t\u00eb ishte larguar m\u00eb shum\u00eb se 1 kilomet\u00ebr, pasi q\u00eb ishte vet\u00ebm 2 vje\u00e7. \u201cDhe ne e kuptuam se ai s\u2019ka mundur t\u00eb largohet m\u00eb shum\u00eb se 1 kilomet\u00ebr meq\u00eb ishte 2 vje\u00e7ar. Dhe pastaj kemi insistuar n\u00eb at\u00eb pjes\u00eb aty ku \u00ebsht\u00eb par\u00eb nga kamerat f\u00ebmija\u201d, ka shtuar.<\/p>\n<p>Nd\u00ebrkoh\u00eb thot\u00eb se kur jan\u00eb afruar n\u00eb nj\u00eb lugshtaj\u00eb t\u00eb madhe e kan\u00eb d\u00ebgjuar vog\u00eblushin duke e thirrur n\u00ebn e tij, dhe m\u00eb pas kan\u00eb njoftuar edhe personat e tjer\u00eb q\u00eb ishin n\u00eb k\u00ebrkim p\u00ebr t\u00eb shkuar n\u00eb at\u00eb pjes\u00eb.<\/p>\n<p>Kryeziu thot\u00eb se m\u00eb pas Tiani ka dal\u00eb vet\u00eb nga ajo pjes\u00eb, dhe thot\u00eb se sipas t\u00eb gjitha gjasave ka qen\u00eb duke fjetur. \u201cE pastaj n\u00eb nj\u00eb vend k\u00ebtu n\u00eb nj\u00eb lugshtaj\u00eb bukur t\u00eb madhe, un\u00eb dhe Valdet Kryeziu e kemi d\u00ebgjuar djalin duke thirrur mam. Pastaj i kemi thirr\u00eb edhe disa t\u00eb tjer\u00eb, dhe pastaj djali ka dal\u00eb, me siguri ka qen\u00eb duke fjetur.<\/p>\n<p>Pastaj nj\u00ebri nga djemt\u00eb q\u00eb e gjeti e kapi, e kemi p\u00ebrqafuar dhe i dham uj\u00eb. Ishte n\u00eb gjendje t\u00eb mir\u00eb sh\u00ebndet\u00ebsore\u201d, ka p\u00ebrfunduar Astrit Kryeziu.<\/p>\n","protected":false},"excerpt":{"rendered":"<p>Astrit Kryeziu \u00ebsht\u00eb nj\u00eb prej personave i cili sot n\u00eb Malishev\u00eb iu ishte bashkuar grupeve t\u00eb k\u00ebrkimit p\u00ebr gjetjen e 2 vje\u00e7arit q\u00eb kishte humbur nga dita e djeshme. Astriti\u00a0 ka rr\u00ebfyer strategjin\u00eb e k\u00ebrkimit n\u00eb momentin kur kishin arritur n\u00eb vendin ku po k\u00ebrkohej vog\u00eblushi. Ai ka th\u00ebn\u00eb se kishin insistuar q\u00eb t\u00eb k\u00ebrkonin [&hellip;]<\/p>\n","protected":false},"author":2020,"featured_media":135552,"comment_status":"open","ping_status":"closed","sticky":false,"template":"","format":"standard","meta":{"footnotes":""},"categories":[241,2],"tags":[],"class_list":{"0":"post-135551","1":"post","2":"type-post","3":"status-publish","4":"format-standard","5":"has-post-thumbnail","7":"category-aktualitet","8":"category-rajoni"},"_links":{"self":[{"href":"https:\/\/zjarr.tv\/sq\/wp-json\/wp\/v2\/posts\/135551","targetHints":{"allow":["GET"]}}],"collection":[{"href":"https:\/\/zjarr.tv\/sq\/wp-json\/wp\/v2\/posts"}],"about":[{"href":"https:\/\/zjarr.tv\/sq\/wp-json\/wp\/v2\/types\/post"}],"author":[{"embeddable":true,"href":"https:\/\/zjarr.tv\/sq\/wp-json\/wp\/v2\/users\/2020"}],"replies":[{"embeddable":true,"href":"https:\/\/zjarr.tv\/sq\/wp-json\/wp\/v2\/comments?post=135551"}],"version-history":[{"count":0,"href":"https:\/\/zjarr.tv\/sq\/wp-json\/wp\/v2\/posts\/135551\/revisions"}],"wp:featuredmedia":[{"embeddable":true,"href":"https:\/\/zjarr.tv\/sq\/wp-json\/wp\/v2\/media\/135552"}],"wp:attachment":[{"href":"https:\/\/zjarr.tv\/sq\/wp-json\/wp\/v2\/media?parent=135551"}],"wp:term":[{"taxonomy":"category","embeddable":true,"href":"https:\/\/zjarr.tv\/sq\/wp-json\/wp\/v2\/categories?post=135551"},{"taxonomy":"post_tag","embeddable":true,"href":"https:\/\/zjarr.tv\/sq\/wp-json\/wp\/v2\/tags?post=135551"}],"curies":[{"name":"wp","href":"https:\/\/api.w.org\/{rel}","templated":true}]}}