{"id":136829,"date":"2020-08-27T12:29:37","date_gmt":"2020-08-27T10:29:37","guid":{"rendered":"https:\/\/zjarr.tv\/?p=136829"},"modified":"2020-08-27T12:30:36","modified_gmt":"2020-08-27T10:30:36","slug":"keni-injoruar-serbine-dhe-kosoven-per-8-vjet-grenell-perplaset-me-ish-asistentin-e-obames","status":"publish","type":"post","link":"https:\/\/zjarr.tv\/sq\/keni-injoruar-serbine-dhe-kosoven-per-8-vjet-grenell-perplaset-me-ish-asistentin-e-obames\/","title":{"rendered":"\u201cKeni injoruar Serbin\u00eb dhe Kosov\u00ebn p\u00ebr 8 vjet\u201d, Grenell p\u00ebrplaset me ish asistentin e Obam\u00ebs"},"content":{"rendered":"<p>P\u00ebrfaq\u00ebsuesi Special p\u00ebr dialogun n\u00eb mes t\u00eb Kosov\u00ebs dhe Serbis\u00eb, Richard Grenell, \u00ebsht\u00eb p\u00ebrplasur me ish-asistentin e Barack Obam\u00ebs, Ned Price, pasi ky i fundit n\u00eb llogarin\u00eb e tij zyrtare n\u00eb \u2018Twitter\u2019 ka th\u00ebn\u00eb se Grenell ka d\u00ebshtuar n\u00eb m\u00ebnyr\u00eb spektakulare n\u00eb \u00e7\u00ebshtjen e dialogut n\u00eb mes t\u00eb Prishtin\u00ebs dhe Beogradit.<\/p>\n<p>Price, gjithashtu, ia ka p\u00ebrmendur Grenellit fushat\u00ebn<img decoding=\"async\" src=\"https:\/\/www.faxweb.al\/wp-content\/uploads\/2020\/01\/grenell-720x405.jpg\" \/> globale p\u00ebr komunitetin LGBTQ, duke th\u00ebn\u00eb se n\u00eb partin\u00eb q\u00eb i takon nuk e lejojn\u00eb ta diskutoj\u00eb nj\u00eb gj\u00eb t\u00eb till\u00eb, shkruan Gazeta Express.<\/p>\n<p>Ndaj k\u00ebtij q\u00ebndrimi ka reaguar vet\u00eb emisari i Trump, duke th\u00ebn\u00eb se administrata e Obam\u00ebs ka injoruar Serbin\u00eb dhe Kosov\u00ebn p\u00ebr 8 vjet me radh\u00eb dhe se tashm\u00eb k\u00ebto dy shtete do t\u00eb negociojn\u00eb n\u00eb Sht\u00ebpi t\u00eb Bardh\u00eb gjat\u00eb jav\u00ebs s\u00eb ardhshme.<\/p>\n<p>\u201cNegociatat n\u00eb mes t\u00eb Kosov\u00ebs dhe Serbis\u00eb do t\u00eb mbahen jav\u00ebn e ardhshme n\u00eb Sht\u00ebpin\u00eb e Bardh\u00eb. Ekipi juaj ka injoruar njer\u00ebzit n\u00eb Serbi dhe Kosov\u00eb p\u00ebr 8 vjet\u201d, ka shkruar Grenell. Derisa sa i p\u00ebrket komenteve rreth fushat\u00ebs p\u00ebr LGBTQ, Grenell ka th\u00ebn\u00eb se Joe Biden i ka cil\u00ebsuar \u201ckomunitetin homos*ksual si rr\u00e8zik p\u00ebr sigurin\u00eb\u201d.<\/p>\n","protected":false},"excerpt":{"rendered":"<p>P\u00ebrfaq\u00ebsuesi Special p\u00ebr dialogun n\u00eb mes t\u00eb Kosov\u00ebs dhe Serbis\u00eb, Richard Grenell, \u00ebsht\u00eb p\u00ebrplasur me ish-asistentin e Barack Obam\u00ebs, Ned Price, pasi ky i fundit n\u00eb llogarin\u00eb e tij zyrtare n\u00eb \u2018Twitter\u2019 ka th\u00ebn\u00eb se Grenell ka d\u00ebshtuar n\u00eb m\u00ebnyr\u00eb spektakulare n\u00eb \u00e7\u00ebshtjen e dialogut n\u00eb mes t\u00eb Prishtin\u00ebs dhe Beogradit. Price, gjithashtu, ia ka [&hellip;]<\/p>\n","protected":false},"author":2020,"featured_media":101111,"comment_status":"open","ping_status":"closed","sticky":false,"template":"","format":"standard","meta":{"footnotes":""},"categories":[241,2],"tags":[],"class_list":{"0":"post-136829","1":"post","2":"type-post","3":"status-publish","4":"format-standard","5":"has-post-thumbnail","7":"category-aktualitet","8":"category-rajoni"},"_links":{"self":[{"href":"https:\/\/zjarr.tv\/sq\/wp-json\/wp\/v2\/posts\/136829","targetHints":{"allow":["GET"]}}],"collection":[{"href":"https:\/\/zjarr.tv\/sq\/wp-json\/wp\/v2\/posts"}],"about":[{"href":"https:\/\/zjarr.tv\/sq\/wp-json\/wp\/v2\/types\/post"}],"author":[{"embeddable":true,"href":"https:\/\/zjarr.tv\/sq\/wp-json\/wp\/v2\/users\/2020"}],"replies":[{"embeddable":true,"href":"https:\/\/zjarr.tv\/sq\/wp-json\/wp\/v2\/comments?post=136829"}],"version-history":[{"count":0,"href":"https:\/\/zjarr.tv\/sq\/wp-json\/wp\/v2\/posts\/136829\/revisions"}],"wp:featuredmedia":[{"embeddable":true,"href":"https:\/\/zjarr.tv\/sq\/wp-json\/wp\/v2\/media\/101111"}],"wp:attachment":[{"href":"https:\/\/zjarr.tv\/sq\/wp-json\/wp\/v2\/media?parent=136829"}],"wp:term":[{"taxonomy":"category","embeddable":true,"href":"https:\/\/zjarr.tv\/sq\/wp-json\/wp\/v2\/categories?post=136829"},{"taxonomy":"post_tag","embeddable":true,"href":"https:\/\/zjarr.tv\/sq\/wp-json\/wp\/v2\/tags?post=136829"}],"curies":[{"name":"wp","href":"https:\/\/api.w.org\/{rel}","templated":true}]}}