{"id":139425,"date":"2020-09-03T13:31:33","date_gmt":"2020-09-03T11:31:33","guid":{"rendered":"https:\/\/zjarr.tv\/?p=139425"},"modified":"2020-09-03T13:31:33","modified_gmt":"2020-09-03T11:31:33","slug":"humbi-gjyqin-per-shpifje-ne-shba-reagon-shkelzen-berishaefraim-diveroli-ka-genjyer-per-interesa-personale","status":"publish","type":"post","link":"https:\/\/zjarr.tv\/sq\/humbi-gjyqin-per-shpifje-ne-shba-reagon-shkelzen-berishaefraim-diveroli-ka-genjyer-per-interesa-personale\/","title":{"rendered":"Humbi gjyqin p\u00ebr shpifje n\u00eb SHBA, reagon Shk\u00eblzen Berisha:&#8221;Efraim Diveroli ka g\u00ebnjyer p\u00ebr interesa personale!&#8221;"},"content":{"rendered":"<p>Shk\u00eblzen Berisha ka reaguar pas humbjes s\u00eb gjyqit n\u00eb SHBA, n\u00eb p\u00ebrballje me autorin dhe sht\u00ebpin\u00eb botuese t\u00eb librit \u201cQent\u00eb e Luft\u00ebs\u201d, p\u00ebrfshi nj\u00eb kompani kinematografike t\u00eb cil\u00ebve u k\u00ebrkonte 60 milion dollar\u00eb d\u00ebmshp\u00ebrblim p\u00ebr shpifje, lidhur me p\u00ebrmendjen e tij n\u00eb \u00e7\u00ebshtjen e G\u00ebrdecit.<\/p>\n<p>N\u00eb vendimin e gjykat\u00ebs s\u00eb apelit t\u00eb Florid\u00ebs, ku lihet n\u00eb fuqi vendimi i dh\u00ebn\u00eb dhe n\u00eb shkall\u00ebn e par\u00eb, u rr\u00ebzua k\u00ebrkesa e avokat\u00ebve t\u00eb Berish\u00ebs, q\u00eb deklaronin se autori librit \u201cQent\u00eb e Luft\u00ebs\u201d, Guy La\u00ebson kishte shpifur n\u00eb at\u00eb q\u00eb shkruante p\u00ebr rolin e Berish\u00ebs n\u00eb tregtin\u00eb e arm\u00ebve dhe tragjedin\u00eb e G\u00ebrdecit.<\/p>\n<p>Berisha shprehet se gjith\u00e7ka e th\u00ebn\u00eb n\u00eb drejtim t\u00eb tij \u00ebsht\u00eb nj\u00eb shpifje, dhe ajo \u00ebsht\u00eb pranuar dhe nga vet\u00eb Efraim Diveroli, q\u00eb ai ka g\u00ebnjyer p\u00ebr interesa personale dhe se mes tyre nuk ka pasur asnj\u00eb lloj lidhje, apo takimi.<\/p>\n<p><strong>Reagimi i plot\u00eb i Berish\u00ebs:<\/strong>\u00a0<em>Te dashur miq. Nje nga aresyet kryesore te hapjes se gjyqit ne SHBA ka qene rrezimi i shpifjeve te hedhura ndaj meje prej 10 vjetesh per gjoja lidhje me AEY.<\/em><\/p>\n<p><em>Deklarimi nen betim i Efraim Diverolit se ai ka genjyer dhe trilluar per interesa personale, takimin tim me te, si dhe per cfaredo lloj implikim timin ne aktivitetin e kompanise se tij, rrezon vertetesine e te gjithe artikujve ne mediat nderkombetare dhe lukunise se shpifjeve qe kane shoqeruar ato ne mediat lokale prej 10 vjetesh.<\/em><\/p>\n<p><em>Ky eshte nje lehtesim per mua, gjithashtu nje deshtim per makinerine politike te shpifjes qe I ka perdorur keto akuza si ingredient paresor per llumin e hedhur ndaj meje per plot 10 vjet.<\/em><\/p>\n<p><em>Per te gjithe ata qe kane rene pre e makinerise se shpifjes politike, me duhet te qartesoj se, as padite e per rrjedhoje as vendimi i gjykates nuk kane asnje lidhje me tragjedine e Gerdecit. Por vetem me shpifjet qe personat e lartpermendur kane tjerrur nder vite ne media te ndryshme ndaj personit tim per gjoja lidhje dhe ndikim ne aktivtetin e AEY.<\/em><\/p>\n<p><em>Vendimi i gjykates se Apelit ne SHBA ka mbeshtetur vendimin e shkalles se pare duke mos e gjetur fajtor Guy Lawson per dashakeqesi ne librin e tij me pretendimin se ai ka pasur aresye te besoje si te verteta shpifjet e Diverolit apo Erjon Velise pasi keto shpifje ishin botuar dhe ne media te tjera.<\/em><\/p>\n<p><em>Pra ne thelb vendimi i gjykates nuk ka lidhje as me tragjedine e Gerdecit, madje as me vertetesine e atyre qe ka botuar Lawson por thjesht me faktin, qe nuk eshte provuar, se ai i ka shkruar keto shpifje, duke e ditur se kane qene te tilla ne momentin kur i ka shkruar.<\/em><\/p>\n<p><em>Avokatet e mi jane duke studiuar me kujdes vendimin per te vendosur per hapat e metejshme ligjore, te cilat do behen publik se shpejti.<\/em><\/p>\n<p><em>*Bashkangjitur deklarimini Diverolit pra gjykates se ka genjyer per lidhjen time ne aferen e AEY<\/em><\/p>\n<p><em><img loading=\"lazy\" decoding=\"async\" class=\"alignnone size-full wp-image-1002953 visible\" src=\"https:\/\/www.faxweb.al\/wp-content\/uploads\/2020\/09\/berisha.jpg\" sizes=\"auto, (max-width: 540px) 100vw, 540px\" srcset=\"https:\/\/www.faxweb.al\/wp-content\/uploads\/2020\/09\/berisha.jpg 540w, https:\/\/www.faxweb.al\/wp-content\/uploads\/2020\/09\/berisha-225x400.jpg 225w, https:\/\/www.faxweb.al\/wp-content\/uploads\/2020\/09\/berisha-338x600.jpg 338w\" alt=\"\" width=\"540\" height=\"960\" \/><\/em><\/p>\n<p>N\u00eb vendimin q\u00eb mban dat\u00ebn 2 Shtator 2020 gjykat\u00ebsit Martin, Ne\u00ebsom, dhe O\u2019scannlain thuhet mes t\u00eb tjerave se:\u00a0\u201cAutori librit Guy Lawson u mb\u00ebshtet n\u00eb gjetjen e fakteve n\u00eb shum\u00eb artikuj t\u00eb publikuar m\u00eb par\u00eb t\u00eb cilat akuzonin Shk\u00eblzen Berish\u00ebn si i p\u00ebrfshir\u00eb n\u00eb mashtrimin e komonis\u00eb AEY dhe n\u00eb bot\u00ebn e n\u00ebndheshme kriminale shqiptar\u00eb. Lawson shkoi m\u00eb tej duke intervistuar edhe persona te tjer\u00eb t\u00eb cil\u00ebt pohuan t\u00eb nj\u00ebjt\u00ebn gj\u00eb p\u00ebr zotin Berisha\u201d.<\/p>\n<p>Gjyqtar\u00ebt amerikan\u00eb thon\u00eb m\u00eb tej n\u00eb vendimin e tyre se nuk kan\u00eb gjetur gabime n\u00eb vendimin e dh\u00ebn\u00eb m\u00eb her\u00ebt dhe n\u00eb shkall\u00ebn e par\u00eb, pasi sipas tyre Shk\u00eblzen Berisha nuk kishte sjell\u00eb argumenta q\u00eb v\u00ebrtetonin t\u00eb kund\u00ebrt\u00ebn.<\/p>\n<p>\u201cBerisha nuk solli argumente t\u00eb bazuara p\u00ebrmes t\u00eb cilave t\u00eb mb\u00ebrrinte n\u00eb p\u00ebrfundimin e se gjykata e distriktit abuzoi duke mos i dh\u00ebn\u00eb koh\u00ebn e duhur p\u00ebr t\u00eb sjell\u00eb provat\u201d.<\/p>\n<p>N\u00eb vitin 2015 Guy Lawson e publikoi librin me titull \u201cArms and the Dudes: Ho\u00eb Three Stoners from Miami Beach Became the Most Unlikely Gunrunners in History. (\u00c7unat dhe Arm\u00ebt: Si tre \u00e7una nga Miami Beach u b\u00ebn\u00eb trafikant\u00ebt e z\u00ebsh\u00ebm t\u00eb arm\u00ebve m\u00eb historin\u00eb amerikane).<\/p>\n<p>Disa vite me bas bazuar n\u00eb k\u00ebt\u00eb lib\u00ebr nga ku Shk\u00eblzen Berisha p\u00ebrshkruhet si djali me sy peshkaqeni, Hollivudi realizoi nj\u00eb film. Tashm\u00eb djali i ish-kryeministrit nuk ka m\u00eb mund\u00ebsi q\u00eb ta apeloj\u00eb vendimin ndaj Guy Lawson, dhe aq m\u00eb pak q\u00eb t\u00eb p\u00ebrfitoj\u00eb nj\u00eb d\u00ebmshp\u00ebrblim prej 60 milion\u00eb dollar\u00ebsh, q\u00eb pretendohej nga avokat\u00ebt e tij mbrojt\u00ebs.<\/p>\n","protected":false},"excerpt":{"rendered":"<p>Shk\u00eblzen Berisha ka reaguar pas humbjes s\u00eb gjyqit n\u00eb SHBA, n\u00eb p\u00ebrballje me autorin dhe sht\u00ebpin\u00eb botuese t\u00eb librit \u201cQent\u00eb e Luft\u00ebs\u201d, p\u00ebrfshi nj\u00eb kompani kinematografike t\u00eb cil\u00ebve u k\u00ebrkonte 60 milion dollar\u00eb d\u00ebmshp\u00ebrblim p\u00ebr shpifje, lidhur me p\u00ebrmendjen e tij n\u00eb \u00e7\u00ebshtjen e G\u00ebrdecit. N\u00eb vendimin e gjykat\u00ebs s\u00eb apelit t\u00eb Florid\u00ebs, ku lihet [&hellip;]<\/p>\n","protected":false},"author":2020,"featured_media":139426,"comment_status":"open","ping_status":"closed","sticky":false,"template":"","format":"standard","meta":{"footnotes":""},"categories":[241],"tags":[],"class_list":{"0":"post-139425","1":"post","2":"type-post","3":"status-publish","4":"format-standard","5":"has-post-thumbnail","7":"category-aktualitet"},"_links":{"self":[{"href":"https:\/\/zjarr.tv\/sq\/wp-json\/wp\/v2\/posts\/139425","targetHints":{"allow":["GET"]}}],"collection":[{"href":"https:\/\/zjarr.tv\/sq\/wp-json\/wp\/v2\/posts"}],"about":[{"href":"https:\/\/zjarr.tv\/sq\/wp-json\/wp\/v2\/types\/post"}],"author":[{"embeddable":true,"href":"https:\/\/zjarr.tv\/sq\/wp-json\/wp\/v2\/users\/2020"}],"replies":[{"embeddable":true,"href":"https:\/\/zjarr.tv\/sq\/wp-json\/wp\/v2\/comments?post=139425"}],"version-history":[{"count":0,"href":"https:\/\/zjarr.tv\/sq\/wp-json\/wp\/v2\/posts\/139425\/revisions"}],"wp:featuredmedia":[{"embeddable":true,"href":"https:\/\/zjarr.tv\/sq\/wp-json\/wp\/v2\/media\/139426"}],"wp:attachment":[{"href":"https:\/\/zjarr.tv\/sq\/wp-json\/wp\/v2\/media?parent=139425"}],"wp:term":[{"taxonomy":"category","embeddable":true,"href":"https:\/\/zjarr.tv\/sq\/wp-json\/wp\/v2\/categories?post=139425"},{"taxonomy":"post_tag","embeddable":true,"href":"https:\/\/zjarr.tv\/sq\/wp-json\/wp\/v2\/tags?post=139425"}],"curies":[{"name":"wp","href":"https:\/\/api.w.org\/{rel}","templated":true}]}}