{"id":140145,"date":"2020-09-05T15:21:06","date_gmt":"2020-09-05T13:21:06","guid":{"rendered":"https:\/\/zjarr.tv\/?p=140145"},"modified":"2020-09-05T15:21:06","modified_gmt":"2020-09-05T13:21:06","slug":"mjekja-shqiptare-ne-itali-mposht-covid-in-pas-46-diteve-pavaresisht-cdo-dhimbjeje-fizike-psikologjike-apo-shpirterore-une-ia-dola","status":"publish","type":"post","link":"https:\/\/zjarr.tv\/sq\/mjekja-shqiptare-ne-itali-mposht-covid-in-pas-46-diteve-pavaresisht-cdo-dhimbjeje-fizike-psikologjike-apo-shpirterore-une-ia-dola\/","title":{"rendered":"Mjekja shqiptare n\u00eb Itali mposht COVID-in pas 46 dit\u00ebve:\/ Pavar\u00ebsisht \u00e7do dhimbjeje fizike, psikologjike apo shpirt\u00ebrore un\u00eb ia dola"},"content":{"rendered":"<p>Mjekja shqiptare Romina Selenica q\u00eb punon\u00a0n\u00eb Itali s\u00eb fundmi ka b\u00ebr\u00eb t\u00eb ditur se ka qen\u00eb e infektuar me Covid-19 prej 46 dit\u00ebsh. Sot \u00ebsht\u00eb dita e saj e par\u00eb e pun\u00ebs,\u00a0pas dit\u00ebve t\u00eb v\u00ebshtira n\u00eb luft\u00eb me koronavirusin.<\/p>\n<p>N\u00eb nj\u00eb postim n\u00eb profilin e saj n\u00eb Facebook ajo shprehet se pavar\u00ebsisht dhimbjeve ia doli t\u00eb rikthehet n\u00eb pun\u00eb dhe pran\u00eb njer\u00ebzve t\u00eb saj t\u00eb dashur.<\/p>\n<p><em>\u201cNuk \u00ebsht\u00eb nj\u00eb dit\u00eb e thjesht\u00eb pune, nuk \u00ebsht\u00eb nj\u00eb e shtun\u00eb si \u00e7do tjet\u00ebr q\u00eb kam qen\u00eb n\u00eb pun\u00eb. \u00cbsht\u00eb e para e kthimit n\u00eb rutin\u00ebn e jetes\u00ebs time mbas 46 dit\u00ebsh me Covid-19.<\/em>\u00a0<em>Pavar\u00ebsisht \u00e7do dhimbjeje fizike, psikologjike apo shpirt\u00ebrore UN\u00cb JA DOLA, t\u2019i kthehem pacient\u00ebve t\u00eb mi, t\u00eb p\u00ebrqafoj njer\u00ebzit e mi t\u00eb dashur, t\u00eb rishijoj t\u00eb bukur\u00ebn liri, vet\u00eb jet\u00ebn!<\/em><\/p>\n<p><em>Ndjes\u00eb q\u00eb nuk kam mundur t\u2019ju kthej p\u00ebrgjigje mesazheve, shpresoj n\u00eb mir\u00ebkuptimin tuaj! Me respekt , Dr. Romina Selenica\u201d,\u00a0<\/em>shkruan ajo.<\/p>\n<p>Bluzat e bardha jan\u00eb personat m\u00eb t\u00eb rrezikuar duke qen\u00eb n\u00eb vij\u00ebn e par\u00eb n\u00eb luft\u00eb me k\u00ebt\u00eb virus t\u00eb paduksh\u00ebm q\u00eb po sjell vdekjen e shum\u00eb njer\u00ebzve.<\/p>\n","protected":false},"excerpt":{"rendered":"<p>Mjekja shqiptare Romina Selenica q\u00eb punon\u00a0n\u00eb Itali s\u00eb fundmi ka b\u00ebr\u00eb t\u00eb ditur se ka qen\u00eb e infektuar me Covid-19 prej 46 dit\u00ebsh. Sot \u00ebsht\u00eb dita e saj e par\u00eb e pun\u00ebs,\u00a0pas dit\u00ebve t\u00eb v\u00ebshtira n\u00eb luft\u00eb me koronavirusin. N\u00eb nj\u00eb postim n\u00eb profilin e saj n\u00eb Facebook ajo shprehet se pavar\u00ebsisht dhimbjeve ia doli [&hellip;]<\/p>\n","protected":false},"author":2020,"featured_media":140146,"comment_status":"open","ping_status":"closed","sticky":false,"template":"","format":"standard","meta":{"footnotes":""},"categories":[241],"tags":[],"class_list":{"0":"post-140145","1":"post","2":"type-post","3":"status-publish","4":"format-standard","5":"has-post-thumbnail","7":"category-aktualitet"},"_links":{"self":[{"href":"https:\/\/zjarr.tv\/sq\/wp-json\/wp\/v2\/posts\/140145","targetHints":{"allow":["GET"]}}],"collection":[{"href":"https:\/\/zjarr.tv\/sq\/wp-json\/wp\/v2\/posts"}],"about":[{"href":"https:\/\/zjarr.tv\/sq\/wp-json\/wp\/v2\/types\/post"}],"author":[{"embeddable":true,"href":"https:\/\/zjarr.tv\/sq\/wp-json\/wp\/v2\/users\/2020"}],"replies":[{"embeddable":true,"href":"https:\/\/zjarr.tv\/sq\/wp-json\/wp\/v2\/comments?post=140145"}],"version-history":[{"count":0,"href":"https:\/\/zjarr.tv\/sq\/wp-json\/wp\/v2\/posts\/140145\/revisions"}],"wp:featuredmedia":[{"embeddable":true,"href":"https:\/\/zjarr.tv\/sq\/wp-json\/wp\/v2\/media\/140146"}],"wp:attachment":[{"href":"https:\/\/zjarr.tv\/sq\/wp-json\/wp\/v2\/media?parent=140145"}],"wp:term":[{"taxonomy":"category","embeddable":true,"href":"https:\/\/zjarr.tv\/sq\/wp-json\/wp\/v2\/categories?post=140145"},{"taxonomy":"post_tag","embeddable":true,"href":"https:\/\/zjarr.tv\/sq\/wp-json\/wp\/v2\/tags?post=140145"}],"curies":[{"name":"wp","href":"https:\/\/api.w.org\/{rel}","templated":true}]}}