{"id":140148,"date":"2020-09-05T15:31:51","date_gmt":"2020-09-05T13:31:51","guid":{"rendered":"https:\/\/zjarr.tv\/?p=140148"},"modified":"2020-09-05T15:31:51","modified_gmt":"2020-09-05T13:31:51","slug":"berlin-presidenti-steinmeier-nje-memorial-zyrtar-per-viktimat-e-covid-19","status":"publish","type":"post","link":"https:\/\/zjarr.tv\/sq\/berlin-presidenti-steinmeier-nje-memorial-zyrtar-per-viktimat-e-covid-19\/","title":{"rendered":"Berlin\/ Presidenti Steinmeier:\/ Nj\u00eb memorial zyrtar p\u00ebr viktimat e COVID-19"},"content":{"rendered":"<p>Gjermania duhet t\u00eb marr\u00eb n\u00eb konsiderat\u00eb nj\u00eb memorial zyrtar p\u00ebr ata q\u00eb kan\u00eb vdekur p\u00ebr shkak t\u00eb koronavirusit, sepse shum\u00eb prej viktimave t\u00eb s\u00ebmundjes kan\u00eb vdekur pa pasur t\u00eb dashurit pran\u00eb tyre, deklaroi sot presidenti gjerman, Frank-Walter Steinmeier.<\/p>\n<p>\u201cNj\u00eb vdekje nga koronavirusi \u00ebsht\u00eb nj\u00eb vdekje e vetmuar\u201d, i tha ai grupit mediatik \u201dRedaktionsnetzwerk Deutschland\u201d.<\/p>\n<p>\u201cNe duhet t\u2019i ndihmojm\u00eb njer\u00ebzit n\u00eb pik\u00ebllimin e tyre dhe t\u00eb mendojm\u00eb se si ta shprehim keqardhjen ton\u00eb\u201d, theksoi ai.<\/p>\n<p>P\u00ebr shkak t\u00eb frik\u00ebs p\u00ebr p\u00ebrhapjen e s\u00ebmundjes, shum\u00eb prej t\u00eb infektuarve jan\u00eb t\u00eb izoluar dhe trajtohen vet\u00ebm nga punonj\u00ebsit e kujdesit sh\u00ebndet\u00ebsor\u00eb. Masat paraprake n\u00ebnkuptojn\u00eb q\u00eb ata q\u00eb vdesin shpesh nuk kan\u00eb rastin e fundit p\u00ebr t\u00eb par\u00eb familjen e tyre.<\/p>\n<p>Megjith\u00ebse Gjermania e ka p\u00ebrballuar pandemin\u00eb m\u00eb mir\u00eb se shum\u00eb vende t\u00eb tjera p\u00ebr sa i p\u00ebrket nivelit t\u00eb vdekjeve, ajo ka par\u00eb q\u00eb numri i infeksioneve t\u00eb reja po sh\u00ebnon rritje n\u00eb muajin e fundit.<\/p>\n<p>Steinmeier tha se ai nuk e dinte kur ose n\u00ebse do t\u00eb zhvillohej ndonj\u00eb ceremoni e till\u00eb dhe tha se ai kishte nevoj\u00eb t\u00eb fliste me organe t\u00eb tjera qeveritare para se t\u00eb vendosej p\u00ebr ndonj\u00eb plan konkret.<\/p>\n<p>\u201cKemi 9 300 t\u00eb vdekur. Kjo \u00ebsht\u00eb tre her\u00eb m\u00eb shum\u00eb se numri vjetor i vdekjeve tona nga aksidentet e trafikut brenda gjasht\u00eb muajve. Ne nuk duhet ta anashkalojm\u00eb k\u00ebt\u00eb\u201d, tha ai.<\/p>\n","protected":false},"excerpt":{"rendered":"<p>Gjermania duhet t\u00eb marr\u00eb n\u00eb konsiderat\u00eb nj\u00eb memorial zyrtar p\u00ebr ata q\u00eb kan\u00eb vdekur p\u00ebr shkak t\u00eb koronavirusit, sepse shum\u00eb prej viktimave t\u00eb s\u00ebmundjes kan\u00eb vdekur pa pasur t\u00eb dashurit pran\u00eb tyre, deklaroi sot presidenti gjerman, Frank-Walter Steinmeier. \u201cNj\u00eb vdekje nga koronavirusi \u00ebsht\u00eb nj\u00eb vdekje e vetmuar\u201d, i tha ai grupit mediatik \u201dRedaktionsnetzwerk Deutschland\u201d. \u201cNe [&hellip;]<\/p>\n","protected":false},"author":2020,"featured_media":140149,"comment_status":"open","ping_status":"closed","sticky":false,"template":"","format":"standard","meta":{"footnotes":""},"categories":[191],"tags":[],"class_list":{"0":"post-140148","1":"post","2":"type-post","3":"status-publish","4":"format-standard","5":"has-post-thumbnail","7":"category-bota"},"_links":{"self":[{"href":"https:\/\/zjarr.tv\/sq\/wp-json\/wp\/v2\/posts\/140148","targetHints":{"allow":["GET"]}}],"collection":[{"href":"https:\/\/zjarr.tv\/sq\/wp-json\/wp\/v2\/posts"}],"about":[{"href":"https:\/\/zjarr.tv\/sq\/wp-json\/wp\/v2\/types\/post"}],"author":[{"embeddable":true,"href":"https:\/\/zjarr.tv\/sq\/wp-json\/wp\/v2\/users\/2020"}],"replies":[{"embeddable":true,"href":"https:\/\/zjarr.tv\/sq\/wp-json\/wp\/v2\/comments?post=140148"}],"version-history":[{"count":0,"href":"https:\/\/zjarr.tv\/sq\/wp-json\/wp\/v2\/posts\/140148\/revisions"}],"wp:featuredmedia":[{"embeddable":true,"href":"https:\/\/zjarr.tv\/sq\/wp-json\/wp\/v2\/media\/140149"}],"wp:attachment":[{"href":"https:\/\/zjarr.tv\/sq\/wp-json\/wp\/v2\/media?parent=140148"}],"wp:term":[{"taxonomy":"category","embeddable":true,"href":"https:\/\/zjarr.tv\/sq\/wp-json\/wp\/v2\/categories?post=140148"},{"taxonomy":"post_tag","embeddable":true,"href":"https:\/\/zjarr.tv\/sq\/wp-json\/wp\/v2\/tags?post=140148"}],"curies":[{"name":"wp","href":"https:\/\/api.w.org\/{rel}","templated":true}]}}