{"id":142427,"date":"2020-09-11T13:43:44","date_gmt":"2020-09-11T11:43:44","guid":{"rendered":"https:\/\/zjarr.tv\/?p=142427"},"modified":"2020-09-11T13:43:44","modified_gmt":"2020-09-11T11:43:44","slug":"prokuroria-ka-mbyllur-hetimet-per-vrasjen-ne-ish-bllok-ngrihen-akuza-te-reja-per-ervis-martinaj","status":"publish","type":"post","link":"https:\/\/zjarr.tv\/sq\/prokuroria-ka-mbyllur-hetimet-per-vrasjen-ne-ish-bllok-ngrihen-akuza-te-reja-per-ervis-martinaj\/","title":{"rendered":"Prokuroria ka mbyllur hetimet, p\u00ebr vrasjen n\u00eb ish-Bllok\/Ngrihen akuza t\u00eb reja p\u00ebr Ervis Martinaj"},"content":{"rendered":"<p>Gati dy vite pas m\u00e1sakr\u00ebs s\u00eb ish-Bllokut, Pr\u00f2kuroria ka mbyllur hetimet dhe ka d\u00ebrguar n\u00eb gjykat\u00eb dosjen, duke ngritur \u00e1kuzat dhe p\u00ebr personat e p\u00ebrfshir\u00eb.<\/p>\n<p>Burime b\u00ebjn\u00eb me dije se Ervis Martinaj pritet t\u00eb merret i p\u00e1ndehur p\u00ebr disa \u00e1kuza q\u00eb jan\u00eb \u201cKrijim kushtesh p\u00ebr t\u00eb kryer vr\u00e1sjen\u201d, \u201cFsh\u00e8hje e t\u00eb ardhurave\u201d, \u201cF\u00e1lsifikim pasaportash\u201d.<\/p>\n<p>Martinaj u pl\u00e1gos n\u00eb p\u00ebrpl\u00e1sjen me \u00e1rm\u00eb t\u00eb ndodhur mbr\u00ebmjen e 4 tetorit n\u00eb zon\u00ebn e ish Bllokut, ku mbeti i vr\u00e1r\u00eb, gjat\u00eb shk\u00ebmbimit t\u00eb zj\u00e1rrit n\u00eb ambientet e brendshme t\u00eb nj\u00eb lokali, Fabian Gaxha dhe u pl\u00e1gos shoku i tij, Eljon Hato.<\/p>\n<p>Autori i dysh.uar i ngjarjes mendohet se ishte komandoja Mervjon Bilo, i cili vijon q\u00eb t\u00eb jet\u00eb n\u00eb k\u00ebrkim nga ana e P\u00f2licis\u00eb. Kujtojm\u00eb se krahas \u00e1kuzave p\u00ebr ngjarjen, Ervis Martinaj ishte n\u00ebn hetim edhe p\u00ebr vepra t\u00eb tjera p\u00e8nale, si pastrim parash apo \u00e8vazion fiskal n\u00eb biznesin e tij t\u00eb loj\u00ebrave t\u00eb fatit.<\/p>\n<p>Nga hetimet e pr\u00f2kuroris\u00eb, rezultonte se Ervis Martinaj p\u00ebrdorte edhe nj\u00eb identitet tjet\u00ebr, t\u00eb nj\u00eb shtetasi kosovar me emrin Admir Koca.<\/p>\n","protected":false},"excerpt":{"rendered":"<p>Gati dy vite pas m\u00e1sakr\u00ebs s\u00eb ish-Bllokut, Pr\u00f2kuroria ka mbyllur hetimet dhe ka d\u00ebrguar n\u00eb gjykat\u00eb dosjen, duke ngritur \u00e1kuzat dhe p\u00ebr personat e p\u00ebrfshir\u00eb. Burime b\u00ebjn\u00eb me dije se Ervis Martinaj pritet t\u00eb merret i p\u00e1ndehur p\u00ebr disa \u00e1kuza q\u00eb jan\u00eb \u201cKrijim kushtesh p\u00ebr t\u00eb kryer vr\u00e1sjen\u201d, \u201cFsh\u00e8hje e t\u00eb ardhurave\u201d, \u201cF\u00e1lsifikim pasaportash\u201d. Martinaj [&hellip;]<\/p>\n","protected":false},"author":2020,"featured_media":142428,"comment_status":"open","ping_status":"closed","sticky":false,"template":"","format":"standard","meta":{"footnotes":""},"categories":[241],"tags":[],"class_list":{"0":"post-142427","1":"post","2":"type-post","3":"status-publish","4":"format-standard","5":"has-post-thumbnail","7":"category-aktualitet"},"_links":{"self":[{"href":"https:\/\/zjarr.tv\/sq\/wp-json\/wp\/v2\/posts\/142427","targetHints":{"allow":["GET"]}}],"collection":[{"href":"https:\/\/zjarr.tv\/sq\/wp-json\/wp\/v2\/posts"}],"about":[{"href":"https:\/\/zjarr.tv\/sq\/wp-json\/wp\/v2\/types\/post"}],"author":[{"embeddable":true,"href":"https:\/\/zjarr.tv\/sq\/wp-json\/wp\/v2\/users\/2020"}],"replies":[{"embeddable":true,"href":"https:\/\/zjarr.tv\/sq\/wp-json\/wp\/v2\/comments?post=142427"}],"version-history":[{"count":0,"href":"https:\/\/zjarr.tv\/sq\/wp-json\/wp\/v2\/posts\/142427\/revisions"}],"wp:featuredmedia":[{"embeddable":true,"href":"https:\/\/zjarr.tv\/sq\/wp-json\/wp\/v2\/media\/142428"}],"wp:attachment":[{"href":"https:\/\/zjarr.tv\/sq\/wp-json\/wp\/v2\/media?parent=142427"}],"wp:term":[{"taxonomy":"category","embeddable":true,"href":"https:\/\/zjarr.tv\/sq\/wp-json\/wp\/v2\/categories?post=142427"},{"taxonomy":"post_tag","embeddable":true,"href":"https:\/\/zjarr.tv\/sq\/wp-json\/wp\/v2\/tags?post=142427"}],"curies":[{"name":"wp","href":"https:\/\/api.w.org\/{rel}","templated":true}]}}