{"id":142440,"date":"2020-09-11T14:04:10","date_gmt":"2020-09-11T12:04:10","guid":{"rendered":"https:\/\/zjarr.tv\/?p=142440"},"modified":"2020-09-11T14:05:01","modified_gmt":"2020-09-11T12:05:01","slug":"lajm-i-fundit-ceshtja-e-detitedi-rama-do-te-shkoje-ne-athine-zbulohet-data-zyrtare","status":"publish","type":"post","link":"https:\/\/zjarr.tv\/sq\/lajm-i-fundit-ceshtja-e-detitedi-rama-do-te-shkoje-ne-athine-zbulohet-data-zyrtare\/","title":{"rendered":"Lajm i fundit\/\u00c7\u00ebshtja e detit?Edi Rama do t\u00eb shkoj\u00eb n\u00eb Athin\u00eb, zbulohet data zyrtare"},"content":{"rendered":"<p>Kryeministri Edi Rama do t\u00eb zhvilloj\u00eb nj\u00eb vizit\u00eb zyrtare n\u00eb Greqi n\u00eb datat 15-16 Shtator, n\u00eb cil\u00ebsin\u00eb e kryetarit t\u00eb OSBE-s\u00eb. Rama pritet q\u00eb t\u00eb takohet n\u00eb Athin\u00eb me autoritetet m\u00eb t\u00eb larta shtet\u00ebrore atje, nd\u00ebrsa nuk dihet n\u00ebse do t\u00eb jet\u00eb pjes\u00eb e diskutimeve dhe pretendimi grek p\u00ebr zgjerimin n\u00eb detij Jon me 12 milje. Vijon\u2026<\/p>\n","protected":false},"excerpt":{"rendered":"<p>Kryeministri Edi Rama do t\u00eb zhvilloj\u00eb nj\u00eb vizit\u00eb zyrtare n\u00eb Greqi n\u00eb datat 15-16 Shtator, n\u00eb cil\u00ebsin\u00eb e kryetarit t\u00eb OSBE-s\u00eb. Rama pritet q\u00eb t\u00eb takohet n\u00eb Athin\u00eb me autoritetet m\u00eb t\u00eb larta shtet\u00ebrore atje, nd\u00ebrsa nuk dihet n\u00ebse do t\u00eb jet\u00eb pjes\u00eb e diskutimeve dhe pretendimi grek p\u00ebr zgjerimin n\u00eb detij Jon me 12 [&hellip;]<\/p>\n","protected":false},"author":2020,"featured_media":142445,"comment_status":"open","ping_status":"closed","sticky":false,"template":"","format":"standard","meta":{"footnotes":""},"categories":[241],"tags":[],"class_list":{"0":"post-142440","1":"post","2":"type-post","3":"status-publish","4":"format-standard","5":"has-post-thumbnail","7":"category-aktualitet"},"_links":{"self":[{"href":"https:\/\/zjarr.tv\/sq\/wp-json\/wp\/v2\/posts\/142440","targetHints":{"allow":["GET"]}}],"collection":[{"href":"https:\/\/zjarr.tv\/sq\/wp-json\/wp\/v2\/posts"}],"about":[{"href":"https:\/\/zjarr.tv\/sq\/wp-json\/wp\/v2\/types\/post"}],"author":[{"embeddable":true,"href":"https:\/\/zjarr.tv\/sq\/wp-json\/wp\/v2\/users\/2020"}],"replies":[{"embeddable":true,"href":"https:\/\/zjarr.tv\/sq\/wp-json\/wp\/v2\/comments?post=142440"}],"version-history":[{"count":0,"href":"https:\/\/zjarr.tv\/sq\/wp-json\/wp\/v2\/posts\/142440\/revisions"}],"wp:featuredmedia":[{"embeddable":true,"href":"https:\/\/zjarr.tv\/sq\/wp-json\/wp\/v2\/media\/142445"}],"wp:attachment":[{"href":"https:\/\/zjarr.tv\/sq\/wp-json\/wp\/v2\/media?parent=142440"}],"wp:term":[{"taxonomy":"category","embeddable":true,"href":"https:\/\/zjarr.tv\/sq\/wp-json\/wp\/v2\/categories?post=142440"},{"taxonomy":"post_tag","embeddable":true,"href":"https:\/\/zjarr.tv\/sq\/wp-json\/wp\/v2\/tags?post=142440"}],"curies":[{"name":"wp","href":"https:\/\/api.w.org\/{rel}","templated":true}]}}