{"id":142448,"date":"2020-09-11T14:09:12","date_gmt":"2020-09-11T12:09:12","guid":{"rendered":"https:\/\/zjarr.tv\/?p=142448"},"modified":"2020-09-11T14:09:12","modified_gmt":"2020-09-11T12:09:12","slug":"le-monde-demaskon-edi-ramenemigracioni-me-i-larte-se-ne-vitet-90gjat-qeverisjes-se-tij","status":"publish","type":"post","link":"https:\/\/zjarr.tv\/sq\/le-monde-demaskon-edi-ramenemigracioni-me-i-larte-se-ne-vitet-90gjat-qeverisjes-se-tij\/","title":{"rendered":"&#8220;Le Monde&#8221; demaskon Edi Ram\u00ebn:&#8221;Emigracioni m\u00eb i lart\u00eb se n\u00eb vitet \u201890,gjat qeverisjes s\u00eb tij&#8221;"},"content":{"rendered":"<p>Nj\u00eb jav\u00eb p\u00ebrpara vizit\u00ebs n\u00eb Tirane t\u00eb delegacionit t\u00eb deputet\u00ebve francez\u00eb t\u00eb grupit te miq\u00ebsis\u00eb Franc\u00eb-Shqip\u00ebri, mediat pariziene i kan\u00eb kushtuar hapsir\u00eb edhe Shqip\u00ebris\u00eb dhe problemeve q\u00eb jan\u00eb shkaktuar kryesisht nga qeverisja e keqe.<\/p>\n<p>\u2018Le Monde diplomatique\u2019 mujorja e njohur franceze me numrin m\u00eb t\u00eb madh t\u00eb artikujve t\u00eb shp\u00ebrndara n\u00eb bot\u00eb dhe Radio Franceze \u2018France Culture\u2019 kan\u00eb qen\u00eb kritik ndaj sjelljes s\u00eb qeveris\u00eb ndaj qytetar\u00ebve duke sjell kaos shoq\u00ebror dhe eksod masiv t\u00eb njer\u00ebzve.<\/p>\n<div id=\"rekl-28\">Artikull i Le Monde, e njohur p\u00ebr artikujt e saj pro s\u00eb majt\u00ebs \u00ebsht\u00eb nj\u00eb shuplak\u00eb ndaj qeveris\u00eb dhe kryeministrit Edi Rama q\u00eb vjen n\u00eb bnj\u00eb periudh\u00eb decisive sa i p\u00ebrket\u00eb marr\u00ebdh\u00ebnieve t\u00eb dy vendeve apo edhe situat\u00ebs ku po kalon vendi.<\/div>\n<div id=\"rekl-56\"><\/div>\n<p>Media me q\u00ebndrime t\u00eb majta europiane, thekson faktin q\u00eb Rama \u00ebsht\u00eb nj\u00eb kryeminist\u00ebr i ardhur nga Partia Socialiste, pjes\u00eb e t\u00eb majt\u00ebve europian dhe kritikon m\u00ebnyr\u00ebn se si jan\u00eb trajtuar problemet e vendit, q\u00eb pas 2013 kan\u00eb ardhur duke u r\u00ebnduar.<\/p>\n<p>Artikulli i Le Monde nis me nj\u00eb p\u00ebrshkrim t\u00eb vendodhjes s\u00eb Shqipris\u00eb dhe tragjedis\u00eb s\u00eb kaluar nga t\u00ebrmeti i n\u00ebntorit ku numri i viktimave ishte i lart\u00eb p\u00ebr shkak t\u00eb nd\u00ebrtimeve kuturu.<\/p>\n<p>M\u00eb tej artikulli ndalet tek intervista e kryeministrit Edi Rama dh\u00ebn\u00eb p\u00ebr mediat italiane, ku theksonte se Shqip\u00ebria \u00ebsht\u00eb nj\u00eb vend ideal p\u00ebr t\u00eb b\u00ebr biznes e me nj\u00eb klim t\u00eb favorshme, por sipas t\u00eb dh\u00ebnave t\u00eb artikullshkruesve, situate \u00ebsht\u00eb kryet e kund\u00ebrta.<\/p>\n<p><strong>Le Monde<\/strong><\/p>\n<p>Edi Rama, drejtuesi i Partis\u00eb Socialiste dhe kryeminist\u00ebr q\u00eb nga viti 2013, \u00ebsht\u00eb ithtari kryesor i \u2018mrekullis\u00eb ekonomike shqiptare\u2019 p\u00ebr t\u00eb cil\u00ebn ai flet n\u00eb Itali. Ai pretendon se, pas dekadave t\u00eb emigrimit, Shqip\u00ebria \u00ebsht\u00eb tani nj\u00eb destinacion i ri p\u00ebr investitor\u00ebt dhe madje edhe p\u00ebr fuqin\u00eb pun\u00ebtore migratore italiane.<\/p>\n<p>Por statistikat tregojn\u00eb se q\u00eb nga viti 1989 Shqip\u00ebria ka pasur shkall\u00ebn m\u00eb t\u00eb lart\u00eb t\u00eb emigracionit n\u00eb Evrop\u00eb, me migrim neto shum\u00eb negativ n\u00eb 2018 dhe 2019.<\/p>\n<p>Pikyetje ngrihen edhe mbi figur\u00ebn q\u00eb kryeministri Edi Rama \u00ebsht\u00eb p\u00ebrpjekur t\u00eb nd\u00ebrtoj\u00eb n\u00eb rafshin nd\u00ebrkomb\u00ebtar. Sipas Le Monde, Rama b\u00ebn nj\u00eb loj\u00eb t\u00eb shk\u00eblqyeshme t\u00eb jet\u00ebs s\u00eb tij t\u00eb m\u00ebparshme si nj\u00eb artist vizual, madje n\u00eb samitet nd\u00ebrkomb\u00ebtare kultivon imazhin e tij si nj\u00eb &#8216;p\u00ebr\u00e7ar\u00ebs&#8217; dhe si partneri i domosdosh\u00ebm i BE-s\u00eb, ve\u00e7an\u00ebrisht n\u00eb luft\u00ebn kund\u00ebr terrorizmit islamik dhe q\u00ebllimn p\u00ebr t\u00eb stabilizuar Ballkanin.<\/p>\n<p>Kjo \u00e7on n\u00eb kontradikta: pavar\u00ebsisht se \u00ebsht\u00eb ateist dhe nj\u00eb avokat entuziast i an\u00ebtar\u00ebsimit n\u00eb BE, Rama \u00ebsht\u00eb gjithashtu nj\u00eb mik i Presidentit t\u00eb Turqis\u00eb Erdogan dhe ishte i lumtur t\u00eb p\u00ebrjashtonte m\u00ebsuesit Gylenist me k\u00ebrkes\u00ebn e Turqis\u00eb.<\/p>\n<p>\u2018Rama ka ndjekur politika m\u00eb agresive neoliberale sesa fqinj\u00ebt e tij ballkanas apo paraardh\u00ebsit e tij t\u00eb PD- shkruan Le Monde -a ka nd\u00ebrmarr\u00eb shkurtime t\u00eb shpenzimeve publike dhe partneritete publike-private n\u00eb arsimin e lart\u00eb, turizmin, sh\u00ebndet\u00ebsin\u00eb dhe pun\u00ebt publike deri m\u00eb tani sa q\u00eb FMN e ka kritikuar\u2019.<\/p>\n<p>M\u00eb tej artikulli i Le Monde ndalet edhe tek nd\u00ebrhyrja brutale e Teatrit, ku edhe n\u00eb k\u00ebt\u00eb rasrt, ka dyshime p\u00ebr ligje e vendime klienteliste, q\u00eb pas shembjes s\u00eb nj\u00eb monumenti kryesor n\u00eb Tiran\u00eb fshiheshin interesa p\u00ebr t\u00eb nd\u00ebrtuar kulla nga Shk\u00eblqim Fusha.<\/p>\n<p>Dhe n\u00eb fund, theksohet se pa nj\u00eb alternativ\u00eb dhe shoq\u00ebri t\u00eb kontrolluar fort nga autoritetet dhe kontaktet e tyre t\u00eb ngushta t\u00eb biznesit, shqiptar\u00ebt tundohen t\u00eb emigrojn\u00eb. Emigrim i cili u rrit n\u00eb nivele t\u00eb larta vet\u00ebm nj\u00eb vit pasi Edi Rama erdhi n\u00eb pushtet.<\/p>\n","protected":false},"excerpt":{"rendered":"<p>Nj\u00eb jav\u00eb p\u00ebrpara vizit\u00ebs n\u00eb Tirane t\u00eb delegacionit t\u00eb deputet\u00ebve francez\u00eb t\u00eb grupit te miq\u00ebsis\u00eb Franc\u00eb-Shqip\u00ebri, mediat pariziene i kan\u00eb kushtuar hapsir\u00eb edhe Shqip\u00ebris\u00eb dhe problemeve q\u00eb jan\u00eb shkaktuar kryesisht nga qeverisja e keqe. \u2018Le Monde diplomatique\u2019 mujorja e njohur franceze me numrin m\u00eb t\u00eb madh t\u00eb artikujve t\u00eb shp\u00ebrndara n\u00eb bot\u00eb dhe Radio Franceze [&hellip;]<\/p>\n","protected":false},"author":2020,"featured_media":141466,"comment_status":"open","ping_status":"closed","sticky":false,"template":"","format":"standard","meta":{"footnotes":""},"categories":[241,191],"tags":[],"class_list":{"0":"post-142448","1":"post","2":"type-post","3":"status-publish","4":"format-standard","5":"has-post-thumbnail","7":"category-aktualitet","8":"category-bota"},"_links":{"self":[{"href":"https:\/\/zjarr.tv\/sq\/wp-json\/wp\/v2\/posts\/142448","targetHints":{"allow":["GET"]}}],"collection":[{"href":"https:\/\/zjarr.tv\/sq\/wp-json\/wp\/v2\/posts"}],"about":[{"href":"https:\/\/zjarr.tv\/sq\/wp-json\/wp\/v2\/types\/post"}],"author":[{"embeddable":true,"href":"https:\/\/zjarr.tv\/sq\/wp-json\/wp\/v2\/users\/2020"}],"replies":[{"embeddable":true,"href":"https:\/\/zjarr.tv\/sq\/wp-json\/wp\/v2\/comments?post=142448"}],"version-history":[{"count":0,"href":"https:\/\/zjarr.tv\/sq\/wp-json\/wp\/v2\/posts\/142448\/revisions"}],"wp:featuredmedia":[{"embeddable":true,"href":"https:\/\/zjarr.tv\/sq\/wp-json\/wp\/v2\/media\/141466"}],"wp:attachment":[{"href":"https:\/\/zjarr.tv\/sq\/wp-json\/wp\/v2\/media?parent=142448"}],"wp:term":[{"taxonomy":"category","embeddable":true,"href":"https:\/\/zjarr.tv\/sq\/wp-json\/wp\/v2\/categories?post=142448"},{"taxonomy":"post_tag","embeddable":true,"href":"https:\/\/zjarr.tv\/sq\/wp-json\/wp\/v2\/tags?post=142448"}],"curies":[{"name":"wp","href":"https:\/\/api.w.org\/{rel}","templated":true}]}}