{"id":142463,"date":"2020-09-11T14:22:10","date_gmt":"2020-09-11T12:22:10","guid":{"rendered":"https:\/\/zjarr.tv\/?p=142463"},"modified":"2020-09-11T14:22:10","modified_gmt":"2020-09-11T12:22:10","slug":"helmimi-i-navalny-policia-ruse-kerkon-te-marre-ne-pyetje-kritikun-e-kremlinit","status":"publish","type":"post","link":"https:\/\/zjarr.tv\/sq\/helmimi-i-navalny-policia-ruse-kerkon-te-marre-ne-pyetje-kritikun-e-kremlinit\/","title":{"rendered":"Helmimi i Navalny\/ Policia ruse k\u00ebrkon t\u00eb marr\u00eb n\u00eb pyetje kritikun e Kremlinit"},"content":{"rendered":"<p>Policia e Mosk\u00ebs nuk do t\u00eb filloj hetimet n\u00eb territorin rus, por k\u00ebmb\u00ebngul t\u00eb marr\u00eb pjes\u00eb n\u00eb hetimin gjerman p\u00ebr helmimin e kund\u00ebrshtarit t\u00eb Kremlinit ,Navalny.<\/p>\n<p>Sot autoritetet njoftuan se do t\u00eb k\u00ebrkojn\u00eb nga Gjermania mund\u00ebsin\u00eb e marrjes n\u00eb pyetje t\u00eb Navalny pasi ky i fundit ka dal\u00eb nga gjendja e kom\u00ebs artificiale.<\/p>\n<p>Ai u s\u00ebmur\u00eb teksa po fluturonte nga qyteti i Tomsk n\u00eb Siberi p\u00ebr n\u00eb Mosk\u00eb. Avioni u detyrua t\u00eb b\u00ebnte ulje emergjente n\u00eb Omsk dhe m\u00eb pas u transferua n\u00eb Berlin, ku mjek\u00ebt arrit\u00ebn n\u00eb p\u00ebrfundimin se ai isht\u00eb helmuar nga nj\u00eb agjent nervor i llojit Novichok, krijuar nga specialist\u00eb sovjetik\u00eb p\u00ebr q\u00ebllime ushtarake.<\/p>\n<p>Sipas rus\u00ebve policia vendase k\u00ebrkon nga pala gjermane q\u00eb ti mund\u00ebsohet marrja n\u00eb pyetje e Navalny gj\u00eb e cila do ndihmoj\u00eb n\u00eb nxjerrjen e personave p\u00ebrgjegjes t\u00eb helmimit t\u00eb supozuar.<\/p>\n<p>Policia ruse pretendon t\u00eb ket\u00eb marr\u00eb n\u00eb pyetje t\u00eb gjith\u00eb an\u00ebtar\u00ebt e ekipit t\u00eb Navalny p\u00ebrve\u00e7 nj\u00eb &#8220;q\u00eb jeton n\u00eb Britanin\u00eb e Madhe i cili shmangu hetimet duke fluturuar p\u00ebr n\u00eb Gjermani n\u00eb 22 Gusht&#8221;.<\/p>\n","protected":false},"excerpt":{"rendered":"<p>Policia e Mosk\u00ebs nuk do t\u00eb filloj hetimet n\u00eb territorin rus, por k\u00ebmb\u00ebngul t\u00eb marr\u00eb pjes\u00eb n\u00eb hetimin gjerman p\u00ebr helmimin e kund\u00ebrshtarit t\u00eb Kremlinit ,Navalny. Sot autoritetet njoftuan se do t\u00eb k\u00ebrkojn\u00eb nga Gjermania mund\u00ebsin\u00eb e marrjes n\u00eb pyetje t\u00eb Navalny pasi ky i fundit ka dal\u00eb nga gjendja e kom\u00ebs artificiale. Ai u [&hellip;]<\/p>\n","protected":false},"author":2020,"featured_media":0,"comment_status":"open","ping_status":"closed","sticky":false,"template":"","format":"standard","meta":{"footnotes":""},"categories":[241,191,231],"tags":[],"class_list":{"0":"post-142463","1":"post","2":"type-post","3":"status-publish","4":"format-standard","6":"category-aktualitet","7":"category-bota","8":"category-lajme"},"_links":{"self":[{"href":"https:\/\/zjarr.tv\/sq\/wp-json\/wp\/v2\/posts\/142463","targetHints":{"allow":["GET"]}}],"collection":[{"href":"https:\/\/zjarr.tv\/sq\/wp-json\/wp\/v2\/posts"}],"about":[{"href":"https:\/\/zjarr.tv\/sq\/wp-json\/wp\/v2\/types\/post"}],"author":[{"embeddable":true,"href":"https:\/\/zjarr.tv\/sq\/wp-json\/wp\/v2\/users\/2020"}],"replies":[{"embeddable":true,"href":"https:\/\/zjarr.tv\/sq\/wp-json\/wp\/v2\/comments?post=142463"}],"version-history":[{"count":0,"href":"https:\/\/zjarr.tv\/sq\/wp-json\/wp\/v2\/posts\/142463\/revisions"}],"wp:attachment":[{"href":"https:\/\/zjarr.tv\/sq\/wp-json\/wp\/v2\/media?parent=142463"}],"wp:term":[{"taxonomy":"category","embeddable":true,"href":"https:\/\/zjarr.tv\/sq\/wp-json\/wp\/v2\/categories?post=142463"},{"taxonomy":"post_tag","embeddable":true,"href":"https:\/\/zjarr.tv\/sq\/wp-json\/wp\/v2\/tags?post=142463"}],"curies":[{"name":"wp","href":"https:\/\/api.w.org\/{rel}","templated":true}]}}