{"id":142494,"date":"2020-09-11T15:20:00","date_gmt":"2020-09-11T13:20:00","guid":{"rendered":"https:\/\/zjarr.tv\/?p=142494"},"modified":"2020-09-11T15:20:00","modified_gmt":"2020-09-11T13:20:00","slug":"dhune-ne-familje-babi-rreh-gruan-dhe-vajzen-nje-tjeter-ne-gjendje-te-dehur-rreh-te-birin-dhe-kundershton-policet","status":"publish","type":"post","link":"https:\/\/zjarr.tv\/sq\/dhune-ne-familje-babi-rreh-gruan-dhe-vajzen-nje-tjeter-ne-gjendje-te-dehur-rreh-te-birin-dhe-kundershton-policet\/","title":{"rendered":"Dhun\u00eb n\u00eb familje babi rreh gruan dhe vajz\u00ebn!\/Nj\u00eb tjet\u00ebr n\u00eb gj\u00ebndje t\u00eb dehur rreh t\u00eb birin dhe kund\u00ebrshton polic\u00ebt"},"content":{"rendered":"<div class=\"article-introtext\">\n<p>Dhuna n\u00eb familje \u00ebsht\u00eb ende nj\u00eb fenomen tejet shqet\u00ebsues.<\/p>\n<\/div>\n<div class=\"article-fulltext\">\n<p>Policia e Tiran\u00ebs, ka v\u00ebn\u00eb n\u00eb pranga dy autor\u00eb t\u00eb dhun\u00ebs brenda familjes.<\/p>\n<p>K\u00ebshtu, specialist\u00ebt p\u00ebr Hetimin e Krimit n\u00eb Komisariatin e Policis\u00eb Nr. 4 u b\u00eb arrestimi n\u00eb flagranc\u00eb i shtetasit A. Gj., 60 vje\u00e7, sepse n\u00eb rrug\u00ebn \u201cMuhamed Deliu\u201d, n\u00eb banes\u00eb, ka ushtruar dhun\u00eb t\u00eb vazhdueshme psikologjike ndaj bashk\u00ebshortes dhe vajz\u00ebs s\u00eb tij, t\u00eb cilave iu plot\u00ebsua k\u00ebrkes\u00eb-padia p\u00ebr l\u00ebshimin menj\u00ebhersh\u00ebm t\u00eb urdhrit t\u00eb mbrojtjes.<\/p>\n<p>Gjithashtu, specialist\u00ebt p\u00ebr Hetimin e Krimit n\u00eb Komisariatin e Policis\u00eb Nr. 5 b\u00ebn\u00eb arrestimin n\u00eb flagranc\u00eb t\u00eb shtetasit E. D., 49 vje\u00e7, pasi n\u00eb rrug\u00ebn \u201cRamush Haradinaj\u201d, n\u00eb banes\u00eb, n\u00eb gjendje t\u00eb dehur, ka ushtruar dhun\u00eb fizike ndaj djalit t\u00eb tij, si dhe ka kund\u00ebrshtuar me forc\u00eb punonj\u00ebsit e policis\u00eb, p\u00ebr t\u00eb shmangur shoq\u00ebrimin e tij.<\/p>\n<\/div>\n","protected":false},"excerpt":{"rendered":"<p>Dhuna n\u00eb familje \u00ebsht\u00eb ende nj\u00eb fenomen tejet shqet\u00ebsues. Policia e Tiran\u00ebs, ka v\u00ebn\u00eb n\u00eb pranga dy autor\u00eb t\u00eb dhun\u00ebs brenda familjes. K\u00ebshtu, specialist\u00ebt p\u00ebr Hetimin e Krimit n\u00eb Komisariatin e Policis\u00eb Nr. 4 u b\u00eb arrestimi n\u00eb flagranc\u00eb i shtetasit A. Gj., 60 vje\u00e7, sepse n\u00eb rrug\u00ebn \u201cMuhamed Deliu\u201d, n\u00eb banes\u00eb, ka ushtruar dhun\u00eb [&hellip;]<\/p>\n","protected":false},"author":2020,"featured_media":142334,"comment_status":"open","ping_status":"closed","sticky":false,"template":"","format":"standard","meta":{"footnotes":""},"categories":[241],"tags":[],"class_list":{"0":"post-142494","1":"post","2":"type-post","3":"status-publish","4":"format-standard","5":"has-post-thumbnail","7":"category-aktualitet"},"_links":{"self":[{"href":"https:\/\/zjarr.tv\/sq\/wp-json\/wp\/v2\/posts\/142494","targetHints":{"allow":["GET"]}}],"collection":[{"href":"https:\/\/zjarr.tv\/sq\/wp-json\/wp\/v2\/posts"}],"about":[{"href":"https:\/\/zjarr.tv\/sq\/wp-json\/wp\/v2\/types\/post"}],"author":[{"embeddable":true,"href":"https:\/\/zjarr.tv\/sq\/wp-json\/wp\/v2\/users\/2020"}],"replies":[{"embeddable":true,"href":"https:\/\/zjarr.tv\/sq\/wp-json\/wp\/v2\/comments?post=142494"}],"version-history":[{"count":0,"href":"https:\/\/zjarr.tv\/sq\/wp-json\/wp\/v2\/posts\/142494\/revisions"}],"wp:featuredmedia":[{"embeddable":true,"href":"https:\/\/zjarr.tv\/sq\/wp-json\/wp\/v2\/media\/142334"}],"wp:attachment":[{"href":"https:\/\/zjarr.tv\/sq\/wp-json\/wp\/v2\/media?parent=142494"}],"wp:term":[{"taxonomy":"category","embeddable":true,"href":"https:\/\/zjarr.tv\/sq\/wp-json\/wp\/v2\/categories?post=142494"},{"taxonomy":"post_tag","embeddable":true,"href":"https:\/\/zjarr.tv\/sq\/wp-json\/wp\/v2\/tags?post=142494"}],"curies":[{"name":"wp","href":"https:\/\/api.w.org\/{rel}","templated":true}]}}