{"id":142513,"date":"2020-09-11T15:41:41","date_gmt":"2020-09-11T13:41:41","guid":{"rendered":"https:\/\/zjarr.tv\/?p=142513"},"modified":"2020-09-11T15:41:41","modified_gmt":"2020-09-11T13:41:41","slug":"izraeli-drejt-mbylljes-totale-per-dy-jave-ne-prag-te-festes-se-vitit-te-ri-hebre","status":"publish","type":"post","link":"https:\/\/zjarr.tv\/sq\/izraeli-drejt-mbylljes-totale-per-dy-jave-ne-prag-te-festes-se-vitit-te-ri-hebre\/","title":{"rendered":"Izraeli drejt mbylljes totale p\u00ebr dy jav\u00eb ne prag te festes se Vitit t\u00eb Ri hebre"},"content":{"rendered":"<p>Fundjava e ardhshme supozohej t\u00eb ishte festa e Vitit t\u00eb Ri hebre p\u00ebr izraelit\u00ebt. N\u00eb vend t\u00eb k\u00ebsaj, nga nes\u00ebr, Izraeli do t\u00eb b\u00ebhet vendi i par\u00eb n\u00eb bot\u00eb q\u00eb imponon nj\u00eb mbyllje t\u00eb dyt\u00eb totale n\u00eb p\u00ebrpjekje p\u00ebr t\u00eb ngadal\u00ebsuar epidemin\u00eb e shkaktuar nga Covid, teksa rastet e raja kan\u00eb tejkaluar 4,000 nj\u00ebsi p\u00ebr dy dit\u00eb me radh\u00eb kurse vdekjet jan\u00eb mbi 500.<\/p>\n<p>Qeveria ka vendosur mas\u00ebn e bllokad\u00ebs totale p\u00ebr dy jav\u00eb, q\u00eb p\u00ebrkon me festat m\u00eb t\u00eb r\u00ebnd\u00ebsishme n\u00eb kalendarin hebre.<\/p>\n<p>Shkollat \u200b\u200bdhe t\u00eb gjitha bizneset duhet t\u00eb mbyllen (p\u00ebrve\u00e7 supermarketeve dhe farmacive), restorantet mund t\u00eb q\u00ebndrojn\u00eb t\u00eb hapura me orar t\u00eb reduktuar, l\u00ebvizjet \u00a0kufizohen n\u00eb 500 metra larg nga sht\u00ebpia.<\/p>\n<p>Pas k\u00ebsaj faze t\u00eb par\u00eb, jan\u00eb planifikuar edhe dy t\u00eb tjera, me kufizime n\u00eb var\u00ebsi t\u00eb trendit t\u00eb infeksioneve.<\/p>\n<p>Data e zgjedhur (e premtja e ardhshme) p\u00ebr fillimin e bllokad\u00ebs \u00ebsht\u00eb kritikuar nga opozita, e cila e konsideron t\u00eb d\u00ebshtuar menaxhimin q\u00eb Kryeministri Netanjau i ka b\u00ebr\u00eb emergjenc\u00ebs sh\u00ebndet\u00ebsore<\/p>\n","protected":false},"excerpt":{"rendered":"<p>Fundjava e ardhshme supozohej t\u00eb ishte festa e Vitit t\u00eb Ri hebre p\u00ebr izraelit\u00ebt. N\u00eb vend t\u00eb k\u00ebsaj, nga nes\u00ebr, Izraeli do t\u00eb b\u00ebhet vendi i par\u00eb n\u00eb bot\u00eb q\u00eb imponon nj\u00eb mbyllje t\u00eb dyt\u00eb totale n\u00eb p\u00ebrpjekje p\u00ebr t\u00eb ngadal\u00ebsuar epidemin\u00eb e shkaktuar nga Covid, teksa rastet e raja kan\u00eb tejkaluar 4,000 nj\u00ebsi p\u00ebr [&hellip;]<\/p>\n","protected":false},"author":2020,"featured_media":142516,"comment_status":"open","ping_status":"closed","sticky":false,"template":"","format":"standard","meta":{"footnotes":""},"categories":[241,191,231],"tags":[],"class_list":{"0":"post-142513","1":"post","2":"type-post","3":"status-publish","4":"format-standard","5":"has-post-thumbnail","7":"category-aktualitet","8":"category-bota","9":"category-lajme"},"_links":{"self":[{"href":"https:\/\/zjarr.tv\/sq\/wp-json\/wp\/v2\/posts\/142513","targetHints":{"allow":["GET"]}}],"collection":[{"href":"https:\/\/zjarr.tv\/sq\/wp-json\/wp\/v2\/posts"}],"about":[{"href":"https:\/\/zjarr.tv\/sq\/wp-json\/wp\/v2\/types\/post"}],"author":[{"embeddable":true,"href":"https:\/\/zjarr.tv\/sq\/wp-json\/wp\/v2\/users\/2020"}],"replies":[{"embeddable":true,"href":"https:\/\/zjarr.tv\/sq\/wp-json\/wp\/v2\/comments?post=142513"}],"version-history":[{"count":0,"href":"https:\/\/zjarr.tv\/sq\/wp-json\/wp\/v2\/posts\/142513\/revisions"}],"wp:featuredmedia":[{"embeddable":true,"href":"https:\/\/zjarr.tv\/sq\/wp-json\/wp\/v2\/media\/142516"}],"wp:attachment":[{"href":"https:\/\/zjarr.tv\/sq\/wp-json\/wp\/v2\/media?parent=142513"}],"wp:term":[{"taxonomy":"category","embeddable":true,"href":"https:\/\/zjarr.tv\/sq\/wp-json\/wp\/v2\/categories?post=142513"},{"taxonomy":"post_tag","embeddable":true,"href":"https:\/\/zjarr.tv\/sq\/wp-json\/wp\/v2\/tags?post=142513"}],"curies":[{"name":"wp","href":"https:\/\/api.w.org\/{rel}","templated":true}]}}