{"id":142533,"date":"2020-09-11T15:59:18","date_gmt":"2020-09-11T13:59:18","guid":{"rendered":"https:\/\/zjarr.tv\/?p=142533"},"modified":"2020-09-11T16:00:44","modified_gmt":"2020-09-11T14:00:44","slug":"zjarrvenie-ne-fushe-kruje-digjet-pemetorja-e-nje-banori-policia-ne-kerkim-te-autoreve","status":"publish","type":"post","link":"https:\/\/zjarr.tv\/sq\/zjarrvenie-ne-fushe-kruje-digjet-pemetorja-e-nje-banori-policia-ne-kerkim-te-autoreve\/","title":{"rendered":"Zjarrv\u00ebnie n\u00eb Fush\u00eb-Kruj\u00eb\/ Digjet pem\u00ebtorja e nj\u00eb banori, policia n\u00eb k\u00ebrkim t\u00eb autor\u00ebve"},"content":{"rendered":"<p><strong>FUSH\u00cb- KRUJ\u00cb<\/strong>&#8211; Nj\u00eb sip\u00ebrfaqe toke e mbuluar nga shkurret ka marr\u00eb flak\u00eb n\u00eb lagjen Kadias t\u00eb Borizan\u00ebs.<\/p>\n<p>Nga zjarri \u00ebsht\u00eb djegur pem\u00ebtorja e Ramadan Tem\u00ebs si dhe jan\u00eb rrezikuar disa banesa.<\/p>\n<p>Fal\u00eb nd\u00ebrhyrjes s\u00eb zjarrfik\u00ebses s\u00eb Nikles u lokalizuan flak\u00ebt dhe u evitua djegia e banesave.<\/p>\n<p>Nj\u00eb grup ekspert\u00ebsh t\u00eb policis\u00eb ndodhen n\u00eb vendngjarje dhe sipas tyre zjarri \u00ebsht\u00eb i q\u00ebllimsh\u00ebm.<\/p>\n<p>Po b\u00ebhen hetime p\u00ebr t\u00eb identifikuar autor\u00ebt e k\u00ebsaj zjarrv\u00ebnie.<img decoding=\"async\" src=\"https:\/\/shqiptarja.com\/uploads\/780x440\/1599832602_zjarrfikese.JPG\" \/><\/p>\n","protected":false},"excerpt":{"rendered":"<p>FUSH\u00cb- KRUJ\u00cb&#8211; Nj\u00eb sip\u00ebrfaqe toke e mbuluar nga shkurret ka marr\u00eb flak\u00eb n\u00eb lagjen Kadias t\u00eb Borizan\u00ebs. Nga zjarri \u00ebsht\u00eb djegur pem\u00ebtorja e Ramadan Tem\u00ebs si dhe jan\u00eb rrezikuar disa banesa. Fal\u00eb nd\u00ebrhyrjes s\u00eb zjarrfik\u00ebses s\u00eb Nikles u lokalizuan flak\u00ebt dhe u evitua djegia e banesave. Nj\u00eb grup ekspert\u00ebsh t\u00eb policis\u00eb ndodhen n\u00eb vendngjarje dhe [&hellip;]<\/p>\n","protected":false},"author":2020,"featured_media":120318,"comment_status":"open","ping_status":"closed","sticky":false,"template":"","format":"standard","meta":{"footnotes":""},"categories":[241,231,235],"tags":[],"class_list":{"0":"post-142533","1":"post","2":"type-post","3":"status-publish","4":"format-standard","5":"has-post-thumbnail","7":"category-aktualitet","8":"category-lajme","9":"category-vendi"},"_links":{"self":[{"href":"https:\/\/zjarr.tv\/sq\/wp-json\/wp\/v2\/posts\/142533","targetHints":{"allow":["GET"]}}],"collection":[{"href":"https:\/\/zjarr.tv\/sq\/wp-json\/wp\/v2\/posts"}],"about":[{"href":"https:\/\/zjarr.tv\/sq\/wp-json\/wp\/v2\/types\/post"}],"author":[{"embeddable":true,"href":"https:\/\/zjarr.tv\/sq\/wp-json\/wp\/v2\/users\/2020"}],"replies":[{"embeddable":true,"href":"https:\/\/zjarr.tv\/sq\/wp-json\/wp\/v2\/comments?post=142533"}],"version-history":[{"count":0,"href":"https:\/\/zjarr.tv\/sq\/wp-json\/wp\/v2\/posts\/142533\/revisions"}],"wp:featuredmedia":[{"embeddable":true,"href":"https:\/\/zjarr.tv\/sq\/wp-json\/wp\/v2\/media\/120318"}],"wp:attachment":[{"href":"https:\/\/zjarr.tv\/sq\/wp-json\/wp\/v2\/media?parent=142533"}],"wp:term":[{"taxonomy":"category","embeddable":true,"href":"https:\/\/zjarr.tv\/sq\/wp-json\/wp\/v2\/categories?post=142533"},{"taxonomy":"post_tag","embeddable":true,"href":"https:\/\/zjarr.tv\/sq\/wp-json\/wp\/v2\/tags?post=142533"}],"curies":[{"name":"wp","href":"https:\/\/api.w.org\/{rel}","templated":true}]}}