{"id":142538,"date":"2020-09-11T16:04:20","date_gmt":"2020-09-11T14:04:20","guid":{"rendered":"https:\/\/zjarr.tv\/?p=142538"},"modified":"2020-09-11T16:04:20","modified_gmt":"2020-09-11T14:04:20","slug":"mbas-marreveshjes-ne-shtepine-e-bardhe-shba-ja-kosova-dhe-serbia-nominohen-pe%cc%88r-c%cc%a7mimin-nobel-pe%cc%88r-paqe","status":"publish","type":"post","link":"https:\/\/zjarr.tv\/sq\/mbas-marreveshjes-ne-shtepine-e-bardhe-shba-ja-kosova-dhe-serbia-nominohen-pe%cc%88r-c%cc%a7mimin-nobel-pe%cc%88r-paqe\/","title":{"rendered":"Mbas marr\u00ebveshjes n\u00eb Sht\u00ebpin\u00eb e Bardh\u00eb, SHBA-ja, Kosova dhe Serbia nominohen pe\u0308r C\u0327mimin Nobel pe\u0308r Paqe"},"content":{"rendered":"<div class=\"readmore-text-here\">\n<p>Marr\u00ebveshja p\u00ebr stabilizimin ekonomik mund t\u2019iu sjell\u00eb nj\u00eb vler\u00ebsim prestigjioz nd\u00ebrkomb\u00ebtar Kosov\u00ebs, Serbis\u00eb dhe Shteteve t\u00eb Bashkuara. Deputeti i parlamentit t\u00eb Suedis\u00eb, Magnus Jacobsson, ka em\u00ebruar k\u00ebto shtete p\u00ebr \u00e7mimin Nobel p\u00ebr Paqen, p\u00ebr vitin 2021, duke i vler\u00ebsuar p\u00ebr akordin e arritur me nd\u00ebrmjet\u00ebsimin e Sht\u00ebpis\u00eb s\u00eb Bardh\u00eb.<\/p>\n<p>Ligjv\u00ebn\u00ebsi liston dhe arsyet e tij p\u00ebr nominimin e Kosov\u00ebs, Serbis\u00eb dhe SHBA-s\u00eb, n\u00eb nj\u00eb let\u00ebr dor\u00ebzuar Akademis\u00eb s\u00eb Shkencave t\u00eb Norvegjis\u00eb q\u00eb ndaj \u00e7mimet Nobel.<\/p>\n<div id=\"rekl-28\"><\/div>\n<p>\u201cDua t\u00eb propozoj Qeverin\u00eb e Shteteve t\u00eb Bashkuara t\u00eb Amerik\u00ebs, Qeverin\u00eb e Kosov\u00ebs dhe Qeverin\u00eb e Serbis\u00eb p\u00ebr \u00c7mimin Nobel p\u00ebr Paqe, sepse p\u00ebrmes k\u00ebsaj marr\u00ebveshjeje synohet eliminimi i rrezikut p\u00ebr konflikte t\u00eb reja n\u00eb Ballkan dhe ka afrim drejt paqes dhe njohjes reciproke\u201d<\/p>\n<p>Magnus Jacobsson, deputet i parlamentit t\u00eb Suedis\u00eb<\/p>\n<p>Ai gjithashtu thekson se n\u00ebse marr\u00ebveshja e n\u00ebnshkruar funksionon si\u00e7 synohet, at\u00ebher\u00eb tregtia dhe marr\u00ebdh\u00ebniet e hapura do t\u00eb \u00e7ojn\u00eb n\u00eb nj\u00eb akord t\u00eb nd\u00ebrsjell\u00eb p\u00ebr paqe, n\u00eb t\u00eb cilin Serbia do ta njoh\u00eb Kosov\u00ebs si shtet duke i dh\u00ebn\u00eb fund k\u00ebtij konflikti t\u00eb gjat\u00eb.<\/p>\n<p>Nd\u00ebrkoh\u00eb, ky propozim rivalizon n\u00eb nj\u00eb m\u00ebnyr\u00eb nominimin e presidentit amerikan, Donald Trump, p\u00ebr \u00e7mimin Nobel p\u00ebr Paqen, q\u00eb u b\u00eb nga nj\u00eb an\u00ebtar i parlamentit t\u00eb Norvegjis\u00eb. Vler\u00ebsimi p\u00ebr kreun e Sht\u00ebpis\u00eb s\u00eb Bardh\u00eb erdhi p\u00ebr rolin e tij n\u00eb nd\u00ebrmjet\u00ebsimin e marr\u00ebveshjes historike mes Izraelit dhe Emirateve t\u00eb Bashkuara Arabe.<\/p>\n<p><img decoding=\"async\" src=\"https:\/\/www.syri.net\/uploads\/syri.net\/images\/2020\/September\/11\/auto_WhatsApp-Image-2020-09-11-at-15.18.30-409x5791599830721.jpeg\" alt=\"Image\" \/><\/p>\n<\/div>\n<div id=\"rekl-45\"><\/div>\n<div id=\"rekl-33\"><\/div>\n","protected":false},"excerpt":{"rendered":"<p>Marr\u00ebveshja p\u00ebr stabilizimin ekonomik mund t\u2019iu sjell\u00eb nj\u00eb vler\u00ebsim prestigjioz nd\u00ebrkomb\u00ebtar Kosov\u00ebs, Serbis\u00eb dhe Shteteve t\u00eb Bashkuara. Deputeti i parlamentit t\u00eb Suedis\u00eb, Magnus Jacobsson, ka em\u00ebruar k\u00ebto shtete p\u00ebr \u00e7mimin Nobel p\u00ebr Paqen, p\u00ebr vitin 2021, duke i vler\u00ebsuar p\u00ebr akordin e arritur me nd\u00ebrmjet\u00ebsimin e Sht\u00ebpis\u00eb s\u00eb Bardh\u00eb. Ligjv\u00ebn\u00ebsi liston dhe arsyet e tij [&hellip;]<\/p>\n","protected":false},"author":2020,"featured_media":0,"comment_status":"open","ping_status":"closed","sticky":false,"template":"","format":"standard","meta":{"footnotes":""},"categories":[241,191,2],"tags":[],"class_list":{"0":"post-142538","1":"post","2":"type-post","3":"status-publish","4":"format-standard","6":"category-aktualitet","7":"category-bota","8":"category-rajoni"},"_links":{"self":[{"href":"https:\/\/zjarr.tv\/sq\/wp-json\/wp\/v2\/posts\/142538","targetHints":{"allow":["GET"]}}],"collection":[{"href":"https:\/\/zjarr.tv\/sq\/wp-json\/wp\/v2\/posts"}],"about":[{"href":"https:\/\/zjarr.tv\/sq\/wp-json\/wp\/v2\/types\/post"}],"author":[{"embeddable":true,"href":"https:\/\/zjarr.tv\/sq\/wp-json\/wp\/v2\/users\/2020"}],"replies":[{"embeddable":true,"href":"https:\/\/zjarr.tv\/sq\/wp-json\/wp\/v2\/comments?post=142538"}],"version-history":[{"count":0,"href":"https:\/\/zjarr.tv\/sq\/wp-json\/wp\/v2\/posts\/142538\/revisions"}],"wp:attachment":[{"href":"https:\/\/zjarr.tv\/sq\/wp-json\/wp\/v2\/media?parent=142538"}],"wp:term":[{"taxonomy":"category","embeddable":true,"href":"https:\/\/zjarr.tv\/sq\/wp-json\/wp\/v2\/categories?post=142538"},{"taxonomy":"post_tag","embeddable":true,"href":"https:\/\/zjarr.tv\/sq\/wp-json\/wp\/v2\/tags?post=142538"}],"curies":[{"name":"wp","href":"https:\/\/api.w.org\/{rel}","templated":true}]}}