{"id":142543,"date":"2020-09-11T16:13:39","date_gmt":"2020-09-11T14:13:39","guid":{"rendered":"https:\/\/zjarr.tv\/?p=142543"},"modified":"2020-09-11T16:13:39","modified_gmt":"2020-09-11T14:13:39","slug":"artan-fuga-reagon-ashper-pas-deklarates-se-shahinit-e-lleshajtpo-aman-o-ikni-pa-deklarimepse-na-hapni-barkun","status":"publish","type":"post","link":"https:\/\/zjarr.tv\/sq\/artan-fuga-reagon-ashper-pas-deklarates-se-shahinit-e-lleshajtpo-aman-o-ikni-pa-deklarimepse-na-hapni-barkun\/","title":{"rendered":"Artan Fuga reagon ashp\u00ebr pas deklarat\u00ebs s\u00eb Shahinit e Lleshajt:&#8221;Po aman, o, ikni pa deklarime,pse na hapni barkun?!&#8221;"},"content":{"rendered":"<p>Akademiku Artan Fuga komenton deklaratat e ministres s\u00eb Arsimit, Besa Shahini, dhe atij t\u00eb Brendsh\u00ebm, Sand\u00ebr Lleshaj, se n\u00eb fund t\u00eb k\u00ebtij mandati nuk do t\u00eb jen\u00eb m\u00eb ministra.<\/p>\n<p>Me tone t\u00eb forta, Fuga iu drejtohet k\u00ebtyre ministrave duke iu th\u00ebn\u00eb \u201cPo aman, o, ikni kur t\u2019ju heqin, pse na hapni barkun se na preu ne se a ik\u00ebt apo jo ju, ikni modestisht pa deklarime, jo k\u00ebshtu jo ashtu, a thua se do t\u00eb thot\u00eb njeri : uaaaaa si e hoq\u00ebn!!!\u201d.<\/p>\n<p><strong>Mesazhi i Fug\u00ebs:<\/strong><\/p>\n<p>Cfar\u00eb komedie! Me minstra e ministresha q\u00eb vet\u00ebdeklarohen se do ikin me argumenta metafizike, familja, siguria, eterniteti, e m\u00eb the e t\u00eb thash\u00eb!<\/p>\n<p>Si lloj \u201cvet\u00ebvrasjesh\u201d simbolike si e shokut Mehmet, ego e papar\u00eb, imagjinoj t\u2019i ken\u00eb th\u00ebn\u00eb shefit t\u00eb tyre: Mir\u00eb na hiq, por na l\u00ebr q\u00eb k\u00ebtyre budallenjve t\u2019ua hedhim hirin turinjve, e t\u00eb b\u00ebjm\u00eb sikur ik\u00ebm vet\u00eb!<\/p>\n<p>Ne nuk jemi Turi!<\/p>\n<p>Cfar\u00eb sadomazokizmi, jo vet\u00ebm q\u00eb jeni t\u00eb pushuar, por edhe t\u00eb vetdklaroni paraprakisht vet\u00ebpushimin!<\/p>\n<p>Cfar\u00eb qejfi me veten!<\/p>\n<p>Po aman, o, ikni kur t\u2019ju heqin, pse na hapni barkun se na preu ne se a ik\u00ebt apo jo ju, ikni modestisht pa deklarime, jo k\u00ebshtu jo ashtu, a thua se do t\u00eb thot\u00eb njeri : uaaaaa si e hoq\u00ebn!!!<\/p>\n<p>Ikni o n\u00eb heshtje, prisni deklarimin, \u00ebsht\u00eb m\u00eb e hij\u00ebshme, m\u00eb e bukur, m\u00eb dinjitoze. Miq\u00ebsisht e them!<\/p>\n<p>Cfare keni? Nj\u00eb qytetar vjen, punon, ik\u00ebn! Pse eksitoheni? Shkoni n\u00eb pun\u00ebt tuaja! Ju kemi rixha!<\/p>\n<p>Kaq mo, nuk jeni as Beqiri, as Kadriu, as Mari Kyria!<\/p>\n<p>Si nuk u m\u00ebrzit\u00ebt xhan\u00ebm!<\/p>\n","protected":false},"excerpt":{"rendered":"<p>Akademiku Artan Fuga komenton deklaratat e ministres s\u00eb Arsimit, Besa Shahini, dhe atij t\u00eb Brendsh\u00ebm, Sand\u00ebr Lleshaj, se n\u00eb fund t\u00eb k\u00ebtij mandati nuk do t\u00eb jen\u00eb m\u00eb ministra. Me tone t\u00eb forta, Fuga iu drejtohet k\u00ebtyre ministrave duke iu th\u00ebn\u00eb \u201cPo aman, o, ikni kur t\u2019ju heqin, pse na hapni barkun se na preu [&hellip;]<\/p>\n","protected":false},"author":2020,"featured_media":0,"comment_status":"open","ping_status":"closed","sticky":false,"template":"","format":"standard","meta":{"footnotes":""},"categories":[241],"tags":[],"class_list":{"0":"post-142543","1":"post","2":"type-post","3":"status-publish","4":"format-standard","6":"category-aktualitet"},"_links":{"self":[{"href":"https:\/\/zjarr.tv\/sq\/wp-json\/wp\/v2\/posts\/142543","targetHints":{"allow":["GET"]}}],"collection":[{"href":"https:\/\/zjarr.tv\/sq\/wp-json\/wp\/v2\/posts"}],"about":[{"href":"https:\/\/zjarr.tv\/sq\/wp-json\/wp\/v2\/types\/post"}],"author":[{"embeddable":true,"href":"https:\/\/zjarr.tv\/sq\/wp-json\/wp\/v2\/users\/2020"}],"replies":[{"embeddable":true,"href":"https:\/\/zjarr.tv\/sq\/wp-json\/wp\/v2\/comments?post=142543"}],"version-history":[{"count":0,"href":"https:\/\/zjarr.tv\/sq\/wp-json\/wp\/v2\/posts\/142543\/revisions"}],"wp:attachment":[{"href":"https:\/\/zjarr.tv\/sq\/wp-json\/wp\/v2\/media?parent=142543"}],"wp:term":[{"taxonomy":"category","embeddable":true,"href":"https:\/\/zjarr.tv\/sq\/wp-json\/wp\/v2\/categories?post=142543"},{"taxonomy":"post_tag","embeddable":true,"href":"https:\/\/zjarr.tv\/sq\/wp-json\/wp\/v2\/tags?post=142543"}],"curies":[{"name":"wp","href":"https:\/\/api.w.org\/{rel}","templated":true}]}}