{"id":142547,"date":"2020-09-11T16:17:30","date_gmt":"2020-09-11T14:17:30","guid":{"rendered":"https:\/\/zjarr.tv\/?p=142547"},"modified":"2020-09-11T16:17:30","modified_gmt":"2020-09-11T14:17:30","slug":"benziperplas-nje-vajze-me-biciklete-ne-shkoder-e-reja-ndodhet-ne-gjendje-te-rende-shendetesore","status":"publish","type":"post","link":"https:\/\/zjarr.tv\/sq\/benziperplas-nje-vajze-me-biciklete-ne-shkoder-e-reja-ndodhet-ne-gjendje-te-rende-shendetesore\/","title":{"rendered":"&#8220;Benzi&#8221;p\u00ebrplas nj\u00eb vajz\u00eb me bi\u00e7iklet\u00eb n\u00eb Shkod\u00ebr, e reja ndodhet n\u00eb gj\u00ebndje t\u00eb r\u00ebnd\u00eb sh\u00ebndet\u00ebsore"},"content":{"rendered":"<p><strong>SHKOD\u00cbR<\/strong>&#8211; Nj\u00eb aksident i r\u00ebnd\u00eb \u00ebsht\u00eb regjistruar pak minuta m\u00eb par\u00eb n\u00eb Shkod\u00ebr. Ngjarja ka ndodhur n\u00eb lagjen Rus pran\u00eb Sahatit n\u00eb k\u00ebt\u00eb qytet.<\/p>\n<p>Nj\u00eb mjet &#8220;Benz&#8221; me xhama t\u00eb zinj, ka p\u00ebrplasur nj\u00eb vajz\u00eb t\u00eb re e cila po l\u00ebvizte me bi\u00e7iklet\u00eb.Sipas d\u00ebshmitareve n\u00eb vendin e ngjarjes, e aksidentuara \u00ebsht\u00eb hedhur disa metra m\u00eb tutje si pasoj\u00eb e p\u00ebrplasjes s\u00eb fort\u00eb.<\/p>\n<div class=\"show_last_article\">\n<p>E aksidentuara \u00ebsht\u00eb d\u00ebrguar n\u00eb spital nd\u00ebrkoh\u00eb q\u00eb burimet b\u00ebjn\u00eb me dije se ndodhet n\u00eb gjendje t\u00eb r\u00ebnd\u00eb p\u00ebr jet\u00ebn. Policia ka mb\u00ebrritur n\u00eb vendin e ngjarjes dhe po heton p\u00ebr shkaqet e k\u00ebtij aksidenti n\u00eb rrug\u00ebt e Shkodr\u00ebs.<\/p>\n<\/div>\n","protected":false},"excerpt":{"rendered":"<p>SHKOD\u00cbR&#8211; Nj\u00eb aksident i r\u00ebnd\u00eb \u00ebsht\u00eb regjistruar pak minuta m\u00eb par\u00eb n\u00eb Shkod\u00ebr. Ngjarja ka ndodhur n\u00eb lagjen Rus pran\u00eb Sahatit n\u00eb k\u00ebt\u00eb qytet. Nj\u00eb mjet &#8220;Benz&#8221; me xhama t\u00eb zinj, ka p\u00ebrplasur nj\u00eb vajz\u00eb t\u00eb re e cila po l\u00ebvizte me bi\u00e7iklet\u00eb.Sipas d\u00ebshmitareve n\u00eb vendin e ngjarjes, e aksidentuara \u00ebsht\u00eb hedhur disa metra m\u00eb [&hellip;]<\/p>\n","protected":false},"author":2020,"featured_media":141466,"comment_status":"open","ping_status":"closed","sticky":false,"template":"","format":"standard","meta":{"footnotes":""},"categories":[241],"tags":[],"class_list":{"0":"post-142547","1":"post","2":"type-post","3":"status-publish","4":"format-standard","5":"has-post-thumbnail","7":"category-aktualitet"},"_links":{"self":[{"href":"https:\/\/zjarr.tv\/sq\/wp-json\/wp\/v2\/posts\/142547","targetHints":{"allow":["GET"]}}],"collection":[{"href":"https:\/\/zjarr.tv\/sq\/wp-json\/wp\/v2\/posts"}],"about":[{"href":"https:\/\/zjarr.tv\/sq\/wp-json\/wp\/v2\/types\/post"}],"author":[{"embeddable":true,"href":"https:\/\/zjarr.tv\/sq\/wp-json\/wp\/v2\/users\/2020"}],"replies":[{"embeddable":true,"href":"https:\/\/zjarr.tv\/sq\/wp-json\/wp\/v2\/comments?post=142547"}],"version-history":[{"count":0,"href":"https:\/\/zjarr.tv\/sq\/wp-json\/wp\/v2\/posts\/142547\/revisions"}],"wp:featuredmedia":[{"embeddable":true,"href":"https:\/\/zjarr.tv\/sq\/wp-json\/wp\/v2\/media\/141466"}],"wp:attachment":[{"href":"https:\/\/zjarr.tv\/sq\/wp-json\/wp\/v2\/media?parent=142547"}],"wp:term":[{"taxonomy":"category","embeddable":true,"href":"https:\/\/zjarr.tv\/sq\/wp-json\/wp\/v2\/categories?post=142547"},{"taxonomy":"post_tag","embeddable":true,"href":"https:\/\/zjarr.tv\/sq\/wp-json\/wp\/v2\/tags?post=142547"}],"curies":[{"name":"wp","href":"https:\/\/api.w.org\/{rel}","templated":true}]}}