{"id":142582,"date":"2020-09-11T16:50:43","date_gmt":"2020-09-11T14:50:43","guid":{"rendered":"https:\/\/zjarr.tv\/?p=142582"},"modified":"2020-09-11T16:50:43","modified_gmt":"2020-09-11T14:50:43","slug":"tenori-i-njohur-i-nis-leter-te-hapur-besa-shahinit","status":"publish","type":"post","link":"https:\/\/zjarr.tv\/sq\/tenori-i-njohur-i-nis-leter-te-hapur-besa-shahinit\/","title":{"rendered":"Tenori i njohur i nis let\u00ebr t\u00eb hapur Besa Shahinit"},"content":{"rendered":"<p>Tenori Agim Hushi ka shkruar nj\u00eb let\u00ebr t\u00eb hapur p\u00ebr ministrin e Arsimit Besa Shahini, e cila vet\u00ebm pak dit\u00eb m\u00eb par\u00eb deklaroi se do t\u00eb largohej p\u00ebrfundimisht nga Shqip\u00ebria pas mbarimit t\u00eb mandatit t\u00eb saj dhe se nuk do t\u00eb p\u00ebrfshihej n\u00eb gar\u00ebn zgjedhore.<\/p>\n<p>&#8216;Ju mbase p\u00ebr mire apo nga se u ndjete e \u201cprivilegjuar\u201d zgjodh\u00ebt t\u2019i sh\u00ebrbeni nj\u00eb personi me elokuence qeverisese t\u00eb dyshimt\u00eb dhe ndoshta e menduat si kohen tuaj k\u00ebt\u00eb! Por p\u00ebr mendimin tim zgjodh\u00ebt koh\u00ebn e gabuar dhe i b\u00ebt\u00eb d\u00ebmin m\u00eb t\u00eb madh t\u00eb mundsh\u00ebm arsimit shqiptar. Ndoshta ju mund te justifikoheni se sakrifikuat dhe u lodh\u00ebt pafund. Me vjen keq t\u2019ju them se askush nuk ua k\u00ebrkoi sakrificat dhe k\u00ebt\u00eb lodhje q\u00eb e bet\u00eb p\u00ebr t\u00eb sfiduar papjekurine t\u00ebnde profesional.&#8221;, thuhet n\u00eb letr\u00ebn e Hushit i cili gjithashtu shprehet se ndjehet i fyer nga vendimi i Shahinit p\u00ebr t&#8217;u larguar nga skena politike ne Shqip\u00ebri si nj\u00eb d\u00ebshmi e qart\u00eb e pap\u00ebrgjegjshm\u00ebris\u00eb dhe mosafeksionit me vendin ton\u00eb.<\/p>\n","protected":false},"excerpt":{"rendered":"<p>Tenori Agim Hushi ka shkruar nj\u00eb let\u00ebr t\u00eb hapur p\u00ebr ministrin e Arsimit Besa Shahini, e cila vet\u00ebm pak dit\u00eb m\u00eb par\u00eb deklaroi se do t\u00eb largohej p\u00ebrfundimisht nga Shqip\u00ebria pas mbarimit t\u00eb mandatit t\u00eb saj dhe se nuk do t\u00eb p\u00ebrfshihej n\u00eb gar\u00ebn zgjedhore. &#8216;Ju mbase p\u00ebr mire apo nga se u ndjete e [&hellip;]<\/p>\n","protected":false},"author":2020,"featured_media":142584,"comment_status":"open","ping_status":"closed","sticky":false,"template":"","format":"standard","meta":{"footnotes":""},"categories":[241,231,235],"tags":[],"class_list":{"0":"post-142582","1":"post","2":"type-post","3":"status-publish","4":"format-standard","5":"has-post-thumbnail","7":"category-aktualitet","8":"category-lajme","9":"category-vendi"},"_links":{"self":[{"href":"https:\/\/zjarr.tv\/sq\/wp-json\/wp\/v2\/posts\/142582","targetHints":{"allow":["GET"]}}],"collection":[{"href":"https:\/\/zjarr.tv\/sq\/wp-json\/wp\/v2\/posts"}],"about":[{"href":"https:\/\/zjarr.tv\/sq\/wp-json\/wp\/v2\/types\/post"}],"author":[{"embeddable":true,"href":"https:\/\/zjarr.tv\/sq\/wp-json\/wp\/v2\/users\/2020"}],"replies":[{"embeddable":true,"href":"https:\/\/zjarr.tv\/sq\/wp-json\/wp\/v2\/comments?post=142582"}],"version-history":[{"count":0,"href":"https:\/\/zjarr.tv\/sq\/wp-json\/wp\/v2\/posts\/142582\/revisions"}],"wp:featuredmedia":[{"embeddable":true,"href":"https:\/\/zjarr.tv\/sq\/wp-json\/wp\/v2\/media\/142584"}],"wp:attachment":[{"href":"https:\/\/zjarr.tv\/sq\/wp-json\/wp\/v2\/media?parent=142582"}],"wp:term":[{"taxonomy":"category","embeddable":true,"href":"https:\/\/zjarr.tv\/sq\/wp-json\/wp\/v2\/categories?post=142582"},{"taxonomy":"post_tag","embeddable":true,"href":"https:\/\/zjarr.tv\/sq\/wp-json\/wp\/v2\/tags?post=142582"}],"curies":[{"name":"wp","href":"https:\/\/api.w.org\/{rel}","templated":true}]}}