{"id":142592,"date":"2020-09-11T17:15:35","date_gmt":"2020-09-11T15:15:35","guid":{"rendered":"https:\/\/zjarr.tv\/?p=142592"},"modified":"2020-09-11T17:15:35","modified_gmt":"2020-09-11T15:15:35","slug":"7-dekada-jete-te-teatrit-andon-zako-cajupi-ne-nje-ekspozite","status":"publish","type":"post","link":"https:\/\/zjarr.tv\/sq\/7-dekada-jete-te-teatrit-andon-zako-cajupi-ne-nje-ekspozite\/","title":{"rendered":"7 dekada \u2018jet\u00eb\u2019 t\u00eb Teatrit &#8216;Andon Zako \u00c7ajupi&#8217; n\u00eb nj\u00eb ekspozit\u00eb"},"content":{"rendered":"<p>Fotografit\u00eb, veshjet, sendet personale t\u00eb artist\u00ebve t\u00eb njohur kor\u00e7ar, t\u00eb cil\u00ebt i kan\u00eb p\u00ebrdorur p\u00ebr 7 dekada n\u00eb sken\u00eb jan\u00eb ekspozuar p\u00ebr artdash\u00ebsit. N\u00eb k\u00ebt\u00eb dat\u00eblindje t\u00eb 70-t\u00eb t\u00eb Teatrit \u201cAndon Zako \u00c7ajupi\u201d, gjurm\u00ebt q\u00eb artist\u00ebt kan\u00eb l\u00ebn\u00eb me artin e tyre, p\u00ebrkujtohet jo vet\u00ebm nga publiku, por edhe nga artist\u00ebt e njohur Ndri\u00e7im Xhepa dhe Timo Flloko<\/p>\n<p><em>\u201c\u00cbsht\u00eb nj\u00eb ekspozit\u00eb muzeale interesante. Teatri i Kor\u00e7\u00ebs \u00ebsht\u00eb nj\u00eb teat\u00ebr me tradit\u00eb t\u00eb hershme q\u00eb kan\u00eb v\u00ebn\u00eb vul\u00ebn e personalitetit t\u00eb tyre n\u00eb Teatrin Komb\u00ebtar. Ka elemente edhe simbole t\u00eb ve\u00e7anta. Duke ec\u00eb n\u00ebp\u00ebr to sheh artist\u00ebt, brezat e hersh\u00ebm, q\u00eb kan\u00eb dh\u00ebn\u00eb shum\u00eb vlera, si Piro Mani, Dhimit\u00ebr Orgocka, Llazi S\u00ebrbo etj. P\u00ebrmes kujtes\u00ebs s\u00eb tyre m\u2019u duk sikur fola ma ta\u201d, shprehet artisti Timo Flloko<\/em><\/p>\n<p><em>\u201cEmocionet jan\u00eb t\u00eb m\u00ebdha, \u00ebsht\u00eb nj\u00eb gj\u00eb e ve\u00e7ant\u00eb ve\u00e7mas p\u00ebr ata q\u00eb kan\u00eb dh\u00ebn\u00eb shum\u00eb n\u00eb k\u00ebt\u00eb sken\u00eb. G\u00ebzohem q\u00eb shikoj k\u00ebt\u00eb ekspozit\u00eb t\u00eb kuruar me kaq shum\u00eb kujdes\u201d, thot\u00eb aktori Ndri\u00e7im Xhepa.<\/em><\/p>\n<p>Edhe p\u00ebrse drejtoresha e Teatrit Zamira Kita \u00ebsht\u00eb e izoluar p\u00ebr shkak t\u00eb COVID 19 n\u00eb sht\u00ebpi, aktorja Blerta Balliu rr\u00ebfen pun\u00ebn e b\u00ebr\u00eb, n\u00eb k\u00ebto momente<\/p>\n<p>\u201cJemi kujdes q\u00eb t\u00eb kemi objekte t\u00eb artisteve q\u00eb kan\u00eb kontribuuar p\u00ebr nj\u00eb jet\u00eb n\u00eb sken\u00ebn e k\u00ebtij teatri\u201d, thot\u00eb Balliu.<\/p>\n<p>P\u00ebrpos ekspozit\u00ebs, k\u00ebto dit\u00eb nuk ka munguar p\u00ebr publikun kor\u00e7ar, as Festivali i Komedis\u00eb \u201cKokofest\u201d.<img decoding=\"async\" src=\"https:\/\/shqiptarja.com\/uploads\/780x440\/1599835402_korce.jpg\" \/><\/p>\n","protected":false},"excerpt":{"rendered":"<p>Fotografit\u00eb, veshjet, sendet personale t\u00eb artist\u00ebve t\u00eb njohur kor\u00e7ar, t\u00eb cil\u00ebt i kan\u00eb p\u00ebrdorur p\u00ebr 7 dekada n\u00eb sken\u00eb jan\u00eb ekspozuar p\u00ebr artdash\u00ebsit. N\u00eb k\u00ebt\u00eb dat\u00eblindje t\u00eb 70-t\u00eb t\u00eb Teatrit \u201cAndon Zako \u00c7ajupi\u201d, gjurm\u00ebt q\u00eb artist\u00ebt kan\u00eb l\u00ebn\u00eb me artin e tyre, p\u00ebrkujtohet jo vet\u00ebm nga publiku, por edhe nga artist\u00ebt e njohur Ndri\u00e7im Xhepa [&hellip;]<\/p>\n","protected":false},"author":2020,"featured_media":142621,"comment_status":"open","ping_status":"closed","sticky":false,"template":"","format":"standard","meta":{"footnotes":""},"categories":[241,231,235],"tags":[],"class_list":{"0":"post-142592","1":"post","2":"type-post","3":"status-publish","4":"format-standard","5":"has-post-thumbnail","7":"category-aktualitet","8":"category-lajme","9":"category-vendi"},"_links":{"self":[{"href":"https:\/\/zjarr.tv\/sq\/wp-json\/wp\/v2\/posts\/142592","targetHints":{"allow":["GET"]}}],"collection":[{"href":"https:\/\/zjarr.tv\/sq\/wp-json\/wp\/v2\/posts"}],"about":[{"href":"https:\/\/zjarr.tv\/sq\/wp-json\/wp\/v2\/types\/post"}],"author":[{"embeddable":true,"href":"https:\/\/zjarr.tv\/sq\/wp-json\/wp\/v2\/users\/2020"}],"replies":[{"embeddable":true,"href":"https:\/\/zjarr.tv\/sq\/wp-json\/wp\/v2\/comments?post=142592"}],"version-history":[{"count":0,"href":"https:\/\/zjarr.tv\/sq\/wp-json\/wp\/v2\/posts\/142592\/revisions"}],"wp:featuredmedia":[{"embeddable":true,"href":"https:\/\/zjarr.tv\/sq\/wp-json\/wp\/v2\/media\/142621"}],"wp:attachment":[{"href":"https:\/\/zjarr.tv\/sq\/wp-json\/wp\/v2\/media?parent=142592"}],"wp:term":[{"taxonomy":"category","embeddable":true,"href":"https:\/\/zjarr.tv\/sq\/wp-json\/wp\/v2\/categories?post=142592"},{"taxonomy":"post_tag","embeddable":true,"href":"https:\/\/zjarr.tv\/sq\/wp-json\/wp\/v2\/tags?post=142592"}],"curies":[{"name":"wp","href":"https:\/\/api.w.org\/{rel}","templated":true}]}}