{"id":142646,"date":"2020-09-11T17:35:57","date_gmt":"2020-09-11T15:35:57","guid":{"rendered":"https:\/\/zjarr.tv\/?p=142646"},"modified":"2020-09-11T17:35:57","modified_gmt":"2020-09-11T15:35:57","slug":"festivali-i-te-drejtave-te-njeriut-ngre-siparin-tek-marubi-cashku-ne-fokus-dhuna-ndaj-grave-dhe-femijeve","status":"publish","type":"post","link":"https:\/\/zjarr.tv\/sq\/festivali-i-te-drejtave-te-njeriut-ngre-siparin-tek-marubi-cashku-ne-fokus-dhuna-ndaj-grave-dhe-femijeve\/","title":{"rendered":"Festivali i t\u00eb Drejtave t\u00eb Njeriut ngre siparin tek \u201cMarubi\u201d, \u00c7ashku: N\u00eb fokus dhuna ndaj grave dhe f\u00ebmij\u00ebve!"},"content":{"rendered":"<p>Festivali Nd\u00ebrkomb\u00ebtar i Filmit p\u00ebr t\u00eb Drejtat e Njeriut n\u00eb Shqip\u00ebri (IHRFFA) \u00e7el siparin n\u00eb dat\u00eb 14 shator 2020. N\u00eb k\u00ebt\u00eb edicion t\u00eb XV-t\u00eb, tema q\u00eb do t\u00eb jet\u00eb n\u00eb fokus t\u00eb festivalit \u00ebsht\u00eb mbi t\u00eb drejtat e grave edhe f\u00ebmij\u00ebve. Kinesti Kujtim \u00c7ashku, nj\u00ebkoh\u00ebsisht dhe drejtues ekzekutiv i Festivalit rr\u00ebfen pun\u00ebn e b\u00ebr\u00eb n\u00eb k\u00ebt\u00eb periudh\u00eb t\u00eb v\u00ebshtir\u00eb p\u00ebr t\u00eb qen\u00eb pran\u00eb artdash\u00ebsve pavar\u00ebsisht rrethanave ku gjendet mbar\u00eb bota p\u00ebr shkak t\u00eb pandemis\u00eb COVID 19.<\/p>\n<p><em>\u201cNuk \u00ebsht\u00eb nj\u00eb gj\u00eb kaq e leht\u00eb p\u00ebr t\u00eb krijuar nj\u00eb tradit\u00eb, ve\u00e7mas n\u00eb k\u00ebt\u00eb periudh\u00eb q\u00eb jemi duke kaluar p\u00ebr shkak t\u00eb pandemis\u00eb COVID 19. Por mendoj se ritualet kulturore duhet mbajtur me t\u00eb gjitha m\u00ebnyrat. Kjo gj\u00eb, po ndodh n\u00eb t\u00eb gjith\u00eb Europ\u00ebn, edhe Festivali i Venecaias po zhvillohet p\u00ebr t\u00eb mos humbur traditat q\u00eb konsolidojn\u00eb hart\u00ebn kulturore europiane. Por p\u00ebr mua ky festival nuk \u00ebsht\u00eb vet\u00ebm nj\u00eb hart\u00eb kulturore europiane, por n\u00eb nj\u00eb hart\u00eb bot\u00ebrore bot\u00ebrore, sepse ne jemi an\u00ebtar\u00eb t\u00eb nj\u00eb network-u me 41 festivale p\u00ebr t\u00eb drejtat e njeriut, q\u00eb nuk kan\u00eb vet\u00ebm karakter kulturor, por edhe politik. Q\u00ebllimi i tyre \u00a0\u00ebsht\u00eb t\u00eb nd\u00ebrgjegj\u00ebsoj\u00eb shoq\u00ebrin\u00eb p\u00ebr gj\u00ebra q\u00eb i kan\u00eb shum\u00eb pran\u00eb tyre\u201d, thot\u00eb \u00c7ashku.<\/em><\/p>\n<p>Nga 3500 aplikime n\u00eb k\u00ebt\u00eb festival, jan\u00eb p\u00ebrzgjedhur 41 filma<\/p>\n<p><em>\u201cPjesa m\u00eb e madhe e filmave q\u00eb do t\u00eb shfaqjen jan\u00eb premiera. Filmat trajtojn\u00eb nj\u00eb gam\u00eb shum\u00eb t\u00eb gjer\u00eb, por nuk jan\u00eb jasht\u00eb problemeve q\u00eb ka sot shoq\u00ebria shqiptare, n\u00eb fokus t\u00eb drejtat e grave edhe f\u00ebmij\u00ebve\u201d, thot\u00eb kineasti.<\/em><\/p>\n<p>Edhe p\u00ebr ambasadorin austriak Christian Steiner dhe kryetarin e bordit,\u00a0 \u00eb ka p\u00ebrzgjedh filmat, Robert wilton, ky festival q\u00eb zhvillohen n\u00eb kushte t\u00eb jasht\u00ebzakonshme p\u00ebr shkak t\u00eb pandemis\u00eb COVID 19, \u00ebsht\u00eb nj\u00eb iniciativ\u00eb p\u00ebr t&#8217;u p\u00ebrg\u00ebzuar<\/p>\n<p><em>\u201c\u00cbsht\u00eb nj\u00eb mund\u00ebsi e bukur p\u00ebr t\u00eb shk\u00ebmbyer idet\u00eb esenciale p\u00ebr bot\u00ebn ton\u00eb n\u00eb nj\u00eb m\u00ebnyr\u00eb t\u00eb mir\u00eb-organizuar dhe pse jemi n\u00ebn sfid\u00ebn e krijuar nga COVID19. Sivjet kemi nj\u00eb tem\u00eb shum\u00eb t\u00eb r\u00ebnd\u00ebsishme p\u00ebr bot\u00ebn ton\u00eb. \u00c7do dit\u00eb n\u00eb Shqip\u00ebri dhe n\u00eb bot\u00eb ndodhin krime ndaj f\u00ebmij\u00ebve, askund nuk ekziston nj\u00eb barazi e v\u00ebrtet\u00eb midis femrave dhe burrave, por vazhdon diskriminimi total nga pabarazia n\u00eb abuzim. Studimet na e tregojn\u00eb qart\u00eb, se derisa nuk do t\u00eb kemi barazi gjinore, nuk do t\u00eb funksionoj\u00eb si duhet shoq\u00ebria jon\u00eb\u201d, thot\u00eb Wilton.<\/em><\/p>\n<p><em>\u00a0\u201cNe vler\u00ebsojm\u00eb festivalin tuaj dhe jemi t\u00eb lumtur, q\u00eb p\u00ebr her\u00eb t\u00eb dyt\u00eb pas vitit 2012 jemi partner kryesor i k\u00ebtij festivali. Ky vit \u00ebsht\u00eb i ve\u00e7ant\u00eb, n\u00eb radh\u00eb t\u00eb par\u00eb se festivali feston 15-vjetorin e tij, edhe n\u00eb radh\u00eb t\u00eb dyt\u00eb, sepse jemi n\u00eb nj\u00eb periudh\u00eb pandemie. Vler\u00ebsojm\u00eb k\u00ebmb\u00ebnguljen e stafit dhe t\u00eb \u00c7ashkut, q\u00eb p\u00ebrpos pandemis\u00eb po e zhvillojn\u00eb s\u00ebrish k\u00ebt\u00eb vit festivalin. Festivali \u00ebsht\u00eb n\u00eb fokusin e politikave tona, si nj\u00eb kombinim i artit dhe kultur\u00ebs, por dhe p\u00ebr fokusin q\u00eb ne vendosim p\u00ebr t\u00eb drejtat e njeriut. Kur flasim p\u00ebr politika dhe t\u00eb drejta t\u00eb njeriut, midis tyre jan\u00eb t\u00eb drejtat e grave dhe f\u00ebmij\u00ebve q\u00eb ve\u00e7an\u00ebrisht n\u00eb k\u00ebt\u00eb koh\u00eb pandemie po vuajn\u00eb pasojat e dhun\u00ebs\u201d, thot\u00eb ambasadori austriak Christian Steiner.<\/em><\/p>\n<p>Publiku udh\u00ebtimin 11-ditor me filma dhe produksione t\u00eb viteve t\u00eb fundit, p\u00ebrpos n\u00eb Akademin\u00eb e Filmit dhe Multimedias Marubi, mund t&#8217;i ndjek \u00e7do mbr\u00ebmje edhe te lulishtja pran\u00eb kryeministris\u00eb, si dhe Arkivi Qendror i Filmit, duke respektuar t\u00eb gjitha rregullat e distancimit social.<\/p>\n","protected":false},"excerpt":{"rendered":"<p>Festivali Nd\u00ebrkomb\u00ebtar i Filmit p\u00ebr t\u00eb Drejtat e Njeriut n\u00eb Shqip\u00ebri (IHRFFA) \u00e7el siparin n\u00eb dat\u00eb 14 shator 2020. N\u00eb k\u00ebt\u00eb edicion t\u00eb XV-t\u00eb, tema q\u00eb do t\u00eb jet\u00eb n\u00eb fokus t\u00eb festivalit \u00ebsht\u00eb mbi t\u00eb drejtat e grave edhe f\u00ebmij\u00ebve. Kinesti Kujtim \u00c7ashku, nj\u00ebkoh\u00ebsisht dhe drejtues ekzekutiv i Festivalit rr\u00ebfen pun\u00ebn e b\u00ebr\u00eb n\u00eb [&hellip;]<\/p>\n","protected":false},"author":2020,"featured_media":142651,"comment_status":"open","ping_status":"closed","sticky":false,"template":"","format":"standard","meta":{"footnotes":""},"categories":[241,337,231],"tags":[],"class_list":{"0":"post-142646","1":"post","2":"type-post","3":"status-publish","4":"format-standard","5":"has-post-thumbnail","7":"category-aktualitet","8":"category-kulture","9":"category-lajme"},"_links":{"self":[{"href":"https:\/\/zjarr.tv\/sq\/wp-json\/wp\/v2\/posts\/142646","targetHints":{"allow":["GET"]}}],"collection":[{"href":"https:\/\/zjarr.tv\/sq\/wp-json\/wp\/v2\/posts"}],"about":[{"href":"https:\/\/zjarr.tv\/sq\/wp-json\/wp\/v2\/types\/post"}],"author":[{"embeddable":true,"href":"https:\/\/zjarr.tv\/sq\/wp-json\/wp\/v2\/users\/2020"}],"replies":[{"embeddable":true,"href":"https:\/\/zjarr.tv\/sq\/wp-json\/wp\/v2\/comments?post=142646"}],"version-history":[{"count":0,"href":"https:\/\/zjarr.tv\/sq\/wp-json\/wp\/v2\/posts\/142646\/revisions"}],"wp:featuredmedia":[{"embeddable":true,"href":"https:\/\/zjarr.tv\/sq\/wp-json\/wp\/v2\/media\/142651"}],"wp:attachment":[{"href":"https:\/\/zjarr.tv\/sq\/wp-json\/wp\/v2\/media?parent=142646"}],"wp:term":[{"taxonomy":"category","embeddable":true,"href":"https:\/\/zjarr.tv\/sq\/wp-json\/wp\/v2\/categories?post=142646"},{"taxonomy":"post_tag","embeddable":true,"href":"https:\/\/zjarr.tv\/sq\/wp-json\/wp\/v2\/tags?post=142646"}],"curies":[{"name":"wp","href":"https:\/\/api.w.org\/{rel}","templated":true}]}}