{"id":142657,"date":"2020-09-11T17:40:32","date_gmt":"2020-09-11T15:40:32","guid":{"rendered":"https:\/\/zjarr.tv\/?p=142657"},"modified":"2020-09-11T17:40:32","modified_gmt":"2020-09-11T15:40:32","slug":"gjonaj-ne-nje-konsultim-publik-me-ndermjetesit-e-pasurive-te-paluajtshme","status":"publish","type":"post","link":"https:\/\/zjarr.tv\/sq\/gjonaj-ne-nje-konsultim-publik-me-ndermjetesit-e-pasurive-te-paluajtshme\/","title":{"rendered":"Gjonaj ne nje konsultim publik me nd\u00ebrmjet\u00ebsit e pasurive t\u00eb paluajtshme"},"content":{"rendered":"<p>Ministrja e Drejt\u00ebsis\u00eb, Etilda Gjonaj ka zhvillua nj\u00eb tjet\u00ebr konsultim t\u00eb gjer\u00eb publik me p\u00ebrfaq\u00ebsues t\u00eb grupeve t\u00eb interesit dhe institucioneve mbi projektligjin &#8220;P\u00ebr nd\u00ebrmjet\u00ebsit e pasurive t\u00eb paluajtshme&#8221;.<\/p>\n<p>Gjonaj tha gjithashtu se &#8220;<em>kjo iniciativ\u00eb vjen edhe p\u00ebr t\u00eb p\u00ebrmbushur detyrimet q\u00eb Shqip\u00ebria ka marr\u00eb p\u00ebrmes angazhimit me Task Forc\u00ebn p\u00ebr Veprimin Financiar (FATF) dhe MONEYVAL p\u00ebr t\u00eb forcuar luft\u00ebn kund\u00ebr pastrimit t\u00eb parave.<\/em>&#8221;<\/p>\n<p><em>P\u00ebr her\u00eb t\u00eb par\u00eb kemi nj\u00eb kuad\u00ebr ligjor p\u00ebr nd\u00ebrmjet\u00ebsit e pasurive t\u00eb paluajtshme me q\u00ebllim rregullimin dhe formalizimin e sektorit t\u00eb pasurive t\u00eb paluajtshme dhe sidomos p\u00ebr t\u00eb garantuar sh\u00ebrbim m\u00eb t\u00eb sigurt\u00eb p\u00ebr qytetarin. Jo vet\u00ebm n\u00eb Shqip\u00ebri por edhe n\u00eb mbar\u00eb vendet e tjera, agjencit\u00eb dhe nd\u00ebrmjet\u00ebsit e pasurive t\u00eb paluajtshme, s\u00eb bashku me noter\u00ebt dhe me kategori t\u00eb tjera vler\u00ebsohen si faktor\u00eb te r\u00ebnd\u00ebsishme ku mekanizmat kontrollues p\u00ebr ligjshm\u00ebrin\u00eb e veprimtaris\u00eb s\u00eb tyre luajn\u00eb rol ky\u00e7 n\u00eb parandalimin e pastrimit t\u00eb parave<\/em>\u201d, tha Gjonaj.<\/p>\n<p>M\u00eb tej ajo shtoi se &#8220;<em>me k\u00ebt\u00eb projektligj, synojm\u00eb certifikimin e nd\u00ebrmjet\u00ebsve t\u00eb pasurive t\u00eb paluajtshme, t\u00eb drejtat dhe detyrimet e tyre, mekanizmat inspektues, si dhe regjistrimin n\u00eb nj\u00eb regjist\u00ebr t\u00eb posa\u00e7\u00ebm. Ky akt gjithashtu do t\u00eb sh\u00ebrbej\u00eb p\u00ebr t\u00eb rregulluar dhe moderuar sektorin, si dhe do t\u00eb mund\u00ebsoj\u00eb nj\u00eb konkurrenc\u00eb t\u00eb ndershme edhe midis subjekteve duke rregulluar informalitetin n\u00eb fush\u00ebn e pasurive t\u00eb paluajtshme<\/em>&#8220;<\/p>\n","protected":false},"excerpt":{"rendered":"<p>Ministrja e Drejt\u00ebsis\u00eb, Etilda Gjonaj ka zhvillua nj\u00eb tjet\u00ebr konsultim t\u00eb gjer\u00eb publik me p\u00ebrfaq\u00ebsues t\u00eb grupeve t\u00eb interesit dhe institucioneve mbi projektligjin &#8220;P\u00ebr nd\u00ebrmjet\u00ebsit e pasurive t\u00eb paluajtshme&#8221;. Gjonaj tha gjithashtu se &#8220;kjo iniciativ\u00eb vjen edhe p\u00ebr t\u00eb p\u00ebrmbushur detyrimet q\u00eb Shqip\u00ebria ka marr\u00eb p\u00ebrmes angazhimit me Task Forc\u00ebn p\u00ebr Veprimin Financiar (FATF) dhe [&hellip;]<\/p>\n","protected":false},"author":2020,"featured_media":0,"comment_status":"open","ping_status":"closed","sticky":false,"template":"","format":"standard","meta":{"footnotes":""},"categories":[241,231,235],"tags":[],"class_list":{"0":"post-142657","1":"post","2":"type-post","3":"status-publish","4":"format-standard","6":"category-aktualitet","7":"category-lajme","8":"category-vendi"},"_links":{"self":[{"href":"https:\/\/zjarr.tv\/sq\/wp-json\/wp\/v2\/posts\/142657","targetHints":{"allow":["GET"]}}],"collection":[{"href":"https:\/\/zjarr.tv\/sq\/wp-json\/wp\/v2\/posts"}],"about":[{"href":"https:\/\/zjarr.tv\/sq\/wp-json\/wp\/v2\/types\/post"}],"author":[{"embeddable":true,"href":"https:\/\/zjarr.tv\/sq\/wp-json\/wp\/v2\/users\/2020"}],"replies":[{"embeddable":true,"href":"https:\/\/zjarr.tv\/sq\/wp-json\/wp\/v2\/comments?post=142657"}],"version-history":[{"count":0,"href":"https:\/\/zjarr.tv\/sq\/wp-json\/wp\/v2\/posts\/142657\/revisions"}],"wp:attachment":[{"href":"https:\/\/zjarr.tv\/sq\/wp-json\/wp\/v2\/media?parent=142657"}],"wp:term":[{"taxonomy":"category","embeddable":true,"href":"https:\/\/zjarr.tv\/sq\/wp-json\/wp\/v2\/categories?post=142657"},{"taxonomy":"post_tag","embeddable":true,"href":"https:\/\/zjarr.tv\/sq\/wp-json\/wp\/v2\/tags?post=142657"}],"curies":[{"name":"wp","href":"https:\/\/api.w.org\/{rel}","templated":true}]}}