{"id":142683,"date":"2020-09-11T18:01:55","date_gmt":"2020-09-11T16:01:55","guid":{"rendered":"https:\/\/zjarr.tv\/?p=142683"},"modified":"2020-09-11T18:01:55","modified_gmt":"2020-09-11T16:01:55","slug":"korab-lita-nuk-kam-vendosur-me-ke-parti-do-garoj","status":"publish","type":"post","link":"https:\/\/zjarr.tv\/sq\/korab-lita-nuk-kam-vendosur-me-ke-parti-do-garoj\/","title":{"rendered":"Korab Lita: Nuk kam vendosur me k\u00eb parti do garoj"},"content":{"rendered":"<p>Ndon\u00ebse mes tyre po krijohen dy parti t\u00eb reja politike, opozita parlamentare \u00ebsht\u00eb ende e ndar\u00eb mes dy subjekteve q\u00eb po krijohen. Deputeti opozitar Korab Lita thot\u00eb se do t\u00eb garoj\u00eb p\u00ebr zgjedhjet e ardhshme, duke q\u00ebndruar krah demokrat\u00ebve. Por se me cil\u00ebn parti, pret fillimisht krijimin e plot\u00eb t\u00eb tyre.<\/p>\n<p>\u201c<em>P\u00ebr shqiptar\u00ebt nuk \u00ebsht\u00eb e r\u00ebnd\u00ebsishme se si do t\u00eb siguroj\u00eb nj\u00eb mandat Korab Lita apo dikush tjet\u00ebr. Mandatin t\u00eb cilin e kam marr\u00eb para nj\u00eb viti e gjysme un\u00eb e mora si rezultat t\u00eb mos pranimit nga ana ime t\u00eb braktisjes q\u00eb b\u00ebri opozita. Nuk mundem un\u00eb q\u00eb pas nj\u00eb viti t\u00eb braktis mandatin dhe t\u00eb shkoj n\u00eb nj\u00eb parti tjet\u00ebr. Mandati im \u00ebsht\u00eb i demokrat\u00ebve t\u00eb Kamz\u00ebs dhe gjith\u00eb qytetar\u00ebve. N\u00eb funksion do ushtroj detyr\u00ebn deri n\u00eb dit\u00ebn q\u00eb do shp\u00ebrndahet parlamenti p\u00ebr t\u00eb filluar fushat\u00ebn tjet\u00ebr<\/em>\u201d, shprehet Lita.<\/p>\n<p>Sipas deputeti Lita, kryeministri Edi Rama nuk e meriton nj\u00eb mandat t\u00eb tret\u00eb.<\/p>\n<p>\u201c<em>Pengesa m\u00eb e madhe e kryeministrit Rama p\u00ebr mos marr\u00eb mandatin e tret\u00eb jan\u00eb shumica e qytetar\u00ebve. Sot m\u00eb t\u00eb vuajturit jan\u00eb qytetar\u00ebt pasi p\u00ebr ta jan\u00eb marr\u00eb reforma t\u00eb dhimbshme p\u00ebr ekonomin\u00eb e tyre, si\u00e7 \u00ebsht\u00eb rasti i fundit i nism\u00ebs s\u00eb qeveris\u00eb p\u00ebr t\u00eb hapur kazinot\u00eb. Rama dhe qeveria e tij nuk qeveris pa b\u00ebr\u00eb aleanc\u00eb me krimin e organizuar dhe parat\u00eb e pista\u201d<\/em>, shprehet deputeti i opozit\u00ebs parlamentare.<\/p>\n","protected":false},"excerpt":{"rendered":"<p>Ndon\u00ebse mes tyre po krijohen dy parti t\u00eb reja politike, opozita parlamentare \u00ebsht\u00eb ende e ndar\u00eb mes dy subjekteve q\u00eb po krijohen. Deputeti opozitar Korab Lita thot\u00eb se do t\u00eb garoj\u00eb p\u00ebr zgjedhjet e ardhshme, duke q\u00ebndruar krah demokrat\u00ebve. Por se me cil\u00ebn parti, pret fillimisht krijimin e plot\u00eb t\u00eb tyre. \u201cP\u00ebr shqiptar\u00ebt nuk \u00ebsht\u00eb [&hellip;]<\/p>\n","protected":false},"author":2020,"featured_media":142687,"comment_status":"open","ping_status":"closed","sticky":false,"template":"","format":"standard","meta":{"footnotes":""},"categories":[241,231,235],"tags":[],"class_list":{"0":"post-142683","1":"post","2":"type-post","3":"status-publish","4":"format-standard","5":"has-post-thumbnail","7":"category-aktualitet","8":"category-lajme","9":"category-vendi"},"_links":{"self":[{"href":"https:\/\/zjarr.tv\/sq\/wp-json\/wp\/v2\/posts\/142683","targetHints":{"allow":["GET"]}}],"collection":[{"href":"https:\/\/zjarr.tv\/sq\/wp-json\/wp\/v2\/posts"}],"about":[{"href":"https:\/\/zjarr.tv\/sq\/wp-json\/wp\/v2\/types\/post"}],"author":[{"embeddable":true,"href":"https:\/\/zjarr.tv\/sq\/wp-json\/wp\/v2\/users\/2020"}],"replies":[{"embeddable":true,"href":"https:\/\/zjarr.tv\/sq\/wp-json\/wp\/v2\/comments?post=142683"}],"version-history":[{"count":0,"href":"https:\/\/zjarr.tv\/sq\/wp-json\/wp\/v2\/posts\/142683\/revisions"}],"wp:featuredmedia":[{"embeddable":true,"href":"https:\/\/zjarr.tv\/sq\/wp-json\/wp\/v2\/media\/142687"}],"wp:attachment":[{"href":"https:\/\/zjarr.tv\/sq\/wp-json\/wp\/v2\/media?parent=142683"}],"wp:term":[{"taxonomy":"category","embeddable":true,"href":"https:\/\/zjarr.tv\/sq\/wp-json\/wp\/v2\/categories?post=142683"},{"taxonomy":"post_tag","embeddable":true,"href":"https:\/\/zjarr.tv\/sq\/wp-json\/wp\/v2\/tags?post=142683"}],"curies":[{"name":"wp","href":"https:\/\/api.w.org\/{rel}","templated":true}]}}