{"id":142776,"date":"2020-09-12T10:34:01","date_gmt":"2020-09-12T08:34:01","guid":{"rendered":"https:\/\/zjarr.tv\/?p=142776"},"modified":"2020-09-12T10:34:01","modified_gmt":"2020-09-12T08:34:01","slug":"azem-hajdari-22-vjet-nga-vrasja-e-tij","status":"publish","type":"post","link":"https:\/\/zjarr.tv\/sq\/azem-hajdari-22-vjet-nga-vrasja-e-tij\/","title":{"rendered":"Azem Hajdari\/ 22 vjet nga vrasja e tij"},"content":{"rendered":"<p><strong>TIRAN\u00cb<\/strong>&#8211;\u00a0P\u00ebrkujtohet sot 22 vjetori i vrasjes s\u00eb udh\u00ebheq\u00ebsit t\u00eb protestave anti-komuniste Azem Hajdarit.<\/p>\n<p>Vrasja e bujshme e njeriut q\u00eb kryesoi l\u00ebvizjen studentore t\u00eb dhjetorit t\u00eb vitit 1990 ka ngjallur debate vazhdimisht n\u00eb aren\u00ebn\u00a0 politike, e nd\u00ebrsa ka t\u00eb arrestuar, cil\u00ebsohet ende si nj\u00eb krim i pazbardhur. Protestat studentore q\u00eb Hajdari udh\u00ebhoqi soll\u00ebn rr\u00ebzimin e diktatur\u00ebs dhe i hap\u00ebn rrug\u00eb vendosjes s\u00eb sistemit pluralist dhe themelimit t\u00eb Partis\u00eb Demokratike.<\/p>\n<p>Personalitete politike do t\u00eb vendosin ashtu si \u00e7do vit lule pran\u00eb bustit t\u00eb tij. Hajdari ka qen\u00eb deputet i Kuvendit shqiptar dhe kryetar i Komisionit Parlamentar t\u00eb Mbrojtjes. M\u00eb 2 tetor 1998, Hajdarin e nderuan pas vdekjes me titullin &#8220;Qytetar Nderi&#8221; dhe m\u00eb 2007 u dekorua me Dekorat\u00ebn &#8220;Gjergj Kastriot Sk\u00ebnderbeu&#8221;.<\/p>\n","protected":false},"excerpt":{"rendered":"<p>TIRAN\u00cb&#8211;\u00a0P\u00ebrkujtohet sot 22 vjetori i vrasjes s\u00eb udh\u00ebheq\u00ebsit t\u00eb protestave anti-komuniste Azem Hajdarit. Vrasja e bujshme e njeriut q\u00eb kryesoi l\u00ebvizjen studentore t\u00eb dhjetorit t\u00eb vitit 1990 ka ngjallur debate vazhdimisht n\u00eb aren\u00ebn\u00a0 politike, e nd\u00ebrsa ka t\u00eb arrestuar, cil\u00ebsohet ende si nj\u00eb krim i pazbardhur. Protestat studentore q\u00eb Hajdari udh\u00ebhoqi soll\u00ebn rr\u00ebzimin e diktatur\u00ebs [&hellip;]<\/p>\n","protected":false},"author":2020,"featured_media":142777,"comment_status":"open","ping_status":"closed","sticky":false,"template":"","format":"standard","meta":{"footnotes":""},"categories":[241],"tags":[],"class_list":{"0":"post-142776","1":"post","2":"type-post","3":"status-publish","4":"format-standard","5":"has-post-thumbnail","7":"category-aktualitet"},"_links":{"self":[{"href":"https:\/\/zjarr.tv\/sq\/wp-json\/wp\/v2\/posts\/142776","targetHints":{"allow":["GET"]}}],"collection":[{"href":"https:\/\/zjarr.tv\/sq\/wp-json\/wp\/v2\/posts"}],"about":[{"href":"https:\/\/zjarr.tv\/sq\/wp-json\/wp\/v2\/types\/post"}],"author":[{"embeddable":true,"href":"https:\/\/zjarr.tv\/sq\/wp-json\/wp\/v2\/users\/2020"}],"replies":[{"embeddable":true,"href":"https:\/\/zjarr.tv\/sq\/wp-json\/wp\/v2\/comments?post=142776"}],"version-history":[{"count":0,"href":"https:\/\/zjarr.tv\/sq\/wp-json\/wp\/v2\/posts\/142776\/revisions"}],"wp:featuredmedia":[{"embeddable":true,"href":"https:\/\/zjarr.tv\/sq\/wp-json\/wp\/v2\/media\/142777"}],"wp:attachment":[{"href":"https:\/\/zjarr.tv\/sq\/wp-json\/wp\/v2\/media?parent=142776"}],"wp:term":[{"taxonomy":"category","embeddable":true,"href":"https:\/\/zjarr.tv\/sq\/wp-json\/wp\/v2\/categories?post=142776"},{"taxonomy":"post_tag","embeddable":true,"href":"https:\/\/zjarr.tv\/sq\/wp-json\/wp\/v2\/tags?post=142776"}],"curies":[{"name":"wp","href":"https:\/\/api.w.org\/{rel}","templated":true}]}}