{"id":142780,"date":"2020-09-12T10:40:12","date_gmt":"2020-09-12T08:40:12","guid":{"rendered":"https:\/\/zjarr.tv\/?p=142780"},"modified":"2020-09-12T10:40:12","modified_gmt":"2020-09-12T08:40:12","slug":"rudina-hajdari-ben-dedikimin-prekes-per-te-atin-te-ndjej-perdite-se-po-mundohem-te-eci-me-hapat-e-tua","status":"publish","type":"post","link":"https:\/\/zjarr.tv\/sq\/rudina-hajdari-ben-dedikimin-prekes-per-te-atin-te-ndjej-perdite-se-po-mundohem-te-eci-me-hapat-e-tua\/","title":{"rendered":"Rudina Hajdari b\u00ebn dedikimin prek\u00ebs p\u00ebr t\u00eb atin: T\u00eb ndjej p\u00ebrdit\u00eb se po mundohem t\u00eb eci me hapat e tua"},"content":{"rendered":"<p><strong>TIRAN\u00cb<\/strong>&#8211;\u00a0P\u00ebrkujtohet sot 22 vjetori i vrasjes s\u00eb udh\u00ebheq\u00ebsit t\u00eb protestave anti-komuniste Azem Hajdarit.<\/p>\n<p>Vrasja e bujshme e njeriut q\u00eb kryesoi l\u00ebvizjen studentore t\u00eb dhjetorit t\u00eb vitit 1990 ka ngjallur debate vazhdimisht n\u00eb aren\u00ebn\u00a0 politike, e nd\u00ebrsa ka t\u00eb arrestuar, cil\u00ebsohet ende si nj\u00eb krim i pazbardhur. Protestat studentore q\u00eb Hajdari udh\u00ebhoqi soll\u00ebn rr\u00ebzimin e diktatur\u00ebs dhe i hap\u00ebn rrug\u00eb vendosjes s\u00eb sistemit pluralist dhe themelimit t\u00eb Partis\u00eb Demokratike.<\/p>\n<p>Personalitete politike do t\u00eb vendosin ashtu si \u00e7do vit lule pran\u00eb bustit t\u00eb tij. Hajdari ka qen\u00eb deputet i Kuvendit shqiptar dhe kryetar i Komisionit Parlamentar t\u00eb Mbrojtjes. M\u00eb 2 tetor 1998, Hajdarin e nderuan pas vdekjes me titullin &#8220;Qytetar Nderi&#8221; dhe m\u00eb 2007 u dekorua me Dekorat\u00ebn &#8220;Gjergj Kastriot Sk\u00ebnderbeu&#8221;.<\/p>\n<p>Si vajza, e vogla e tij, Rudina Hajdari ka p\u00ebrkujtuar sot baban\u00eb e saj, i cili 22 vite m\u00eb par\u00eb u vra n\u00eb nj\u00eb atentat. Me fjal\u00ebt e ndjera si \u00e7do f\u00ebmij\u00eb do i shkruante p\u00ebr baban\u00eb, por edhe premtimin se do ndjek\u00eb rrug\u00ebn e tij n\u00eb politk\u00eb, Hajdari e ka p\u00ebrkujtuar Azemin, ose si\u00e7 ajo e quan &#8220;njeriu q\u00eb kurr\u00eb nuk e tregtoi lirin\u00eb&#8221;.<\/p>\n<p><em>&#8220;Babi, 22 vite pa ty pran\u00eb fizikisht jane shum\u00eb. Por ti je me mua p\u00ebrdit\u00eb. Je me mua kur zgjohem dhe shpesh e ndiej sikur me thua si dikur pasuria e gjith\u00eb bot\u00ebs \u00ebsht\u00eb n\u00eb duart e tua kur je njeri i lir\u00eb dhe i ndersh\u00ebm. Je me mua kur luftoj, e ndiej fuqin\u00eb t\u00ebnde q\u00eb m\u00eb motivon dhe m\u00eb shtyn t\u00eb fitoj. Je me mua kur takoj mij\u00ebra shqiptar\u00eb t\u00eb cil\u00ebt ende sot mbas 22 vitesh t\u00eb kujtojn\u00eb sikur t\u00eb kishin takuar dje. Je me mua kur m\u00eb jep forc\u00ebn t\u00eb ndjek rrug\u00ebn t\u00ebnde. Rrug\u00ebn e drejt\u00ebsis\u00eb, rrug\u00ebn e liris\u00eb, rrug\u00ebn e jer\u00ebzve t\u00eb lir\u00eb. M\u00eb ka marr\u00eb malli, por t\u00eb ndiej p\u00ebrdit\u00eb, sepse mundohem t\u00eb eci n\u00eb hapat e tua. N\u00eb hapat e nj\u00eb njeriu q\u00eb kurr\u00eb nuk e tregtoi lirin\u00eb. Do eci, ta premtoj&#8221;,\u00a0<\/em>shkruan Hajdari.<\/p>\n","protected":false},"excerpt":{"rendered":"<p>TIRAN\u00cb&#8211;\u00a0P\u00ebrkujtohet sot 22 vjetori i vrasjes s\u00eb udh\u00ebheq\u00ebsit t\u00eb protestave anti-komuniste Azem Hajdarit. Vrasja e bujshme e njeriut q\u00eb kryesoi l\u00ebvizjen studentore t\u00eb dhjetorit t\u00eb vitit 1990 ka ngjallur debate vazhdimisht n\u00eb aren\u00ebn\u00a0 politike, e nd\u00ebrsa ka t\u00eb arrestuar, cil\u00ebsohet ende si nj\u00eb krim i pazbardhur. Protestat studentore q\u00eb Hajdari udh\u00ebhoqi soll\u00ebn rr\u00ebzimin e diktatur\u00ebs [&hellip;]<\/p>\n","protected":false},"author":2020,"featured_media":142781,"comment_status":"open","ping_status":"closed","sticky":false,"template":"","format":"standard","meta":{"footnotes":""},"categories":[241],"tags":[],"class_list":{"0":"post-142780","1":"post","2":"type-post","3":"status-publish","4":"format-standard","5":"has-post-thumbnail","7":"category-aktualitet"},"_links":{"self":[{"href":"https:\/\/zjarr.tv\/sq\/wp-json\/wp\/v2\/posts\/142780","targetHints":{"allow":["GET"]}}],"collection":[{"href":"https:\/\/zjarr.tv\/sq\/wp-json\/wp\/v2\/posts"}],"about":[{"href":"https:\/\/zjarr.tv\/sq\/wp-json\/wp\/v2\/types\/post"}],"author":[{"embeddable":true,"href":"https:\/\/zjarr.tv\/sq\/wp-json\/wp\/v2\/users\/2020"}],"replies":[{"embeddable":true,"href":"https:\/\/zjarr.tv\/sq\/wp-json\/wp\/v2\/comments?post=142780"}],"version-history":[{"count":0,"href":"https:\/\/zjarr.tv\/sq\/wp-json\/wp\/v2\/posts\/142780\/revisions"}],"wp:featuredmedia":[{"embeddable":true,"href":"https:\/\/zjarr.tv\/sq\/wp-json\/wp\/v2\/media\/142781"}],"wp:attachment":[{"href":"https:\/\/zjarr.tv\/sq\/wp-json\/wp\/v2\/media?parent=142780"}],"wp:term":[{"taxonomy":"category","embeddable":true,"href":"https:\/\/zjarr.tv\/sq\/wp-json\/wp\/v2\/categories?post=142780"},{"taxonomy":"post_tag","embeddable":true,"href":"https:\/\/zjarr.tv\/sq\/wp-json\/wp\/v2\/tags?post=142780"}],"curies":[{"name":"wp","href":"https:\/\/api.w.org\/{rel}","templated":true}]}}