{"id":142796,"date":"2020-09-12T11:12:35","date_gmt":"2020-09-12T09:12:35","guid":{"rendered":"https:\/\/zjarr.tv\/?p=142796"},"modified":"2020-09-12T11:12:35","modified_gmt":"2020-09-12T09:12:35","slug":"qarkulluan-zera-qe-eshte-lidhur-me-era-istrefin-juliani-prezanton-te-dashuren-dhe-na-la-pa-fjale","status":"publish","type":"post","link":"https:\/\/zjarr.tv\/sq\/qarkulluan-zera-qe-eshte-lidhur-me-era-istrefin-juliani-prezanton-te-dashuren-dhe-na-la-pa-fjale\/","title":{"rendered":"Qarkulluan z\u00ebra q\u00eb \u00ebsht\u00eb lidhur me Era Istrefin: Juliani prezanton t\u00eb dashur\u00ebn dhe na la pa fjal\u00eb"},"content":{"rendered":"<p>K\u00ebng\u00ebtarja shqiptare Era Istrefi dhe k\u00ebng\u00ebtari britanik Julian Perretta q\u00eb n\u00eb fillim t\u00eb vitit q\u00eb lam\u00eb pas jan\u00eb p\u00ebrfolur p\u00ebr nj\u00eb lidhje. Dyshja kan\u00eb deklaruar se jan\u00eb miq t\u00eb ngusht\u00eb, mir\u00ebpo gjithmon\u00eb ka ekzistuar ideja se mes tyre ka di\u00e7ka m\u00eb shum\u00eb.<\/p>\n<p>Kjo ide \u00ebsht\u00eb rr\u00ebzuar posht\u00eb k\u00ebt\u00eb t\u00eb premte nga vet\u00eb Juliani. K\u00ebng\u00ebtari ka prezantuar publikisht t\u00eb dashur\u00ebn dhe jo\u2026nuk \u00ebsht\u00eb Era Istrefi!<\/p>\n<p>Juliani ka publikuar n\u00eb Instastory nj\u00eb foto krah vajz\u00ebs n\u00eb fjal\u00eb, krahas s\u00eb cil\u00ebs shkruan: \u201cT\u00eb premtet dhe gruaja ime\u201d. Mesa duket Era dhe k\u00ebng\u00ebtari jan\u00eb vet\u00ebm shok\u00eb dhe ai \u00ebsht\u00eb i dashuruar me dik\u00eb tjet\u00ebr.<\/p>\n<p><img loading=\"lazy\" decoding=\"async\" class=\"alignnone size-full wp-image-1007613 visible\" src=\"https:\/\/www.faxweb.al\/wp-content\/uploads\/2020\/09\/k-1.jpg\" sizes=\"auto, (max-width: 640px) 100vw, 640px\" srcset=\"https:\/\/www.faxweb.al\/wp-content\/uploads\/2020\/09\/k-1.jpg 640w, https:\/\/www.faxweb.al\/wp-content\/uploads\/2020\/09\/k-1-225x400.jpg 225w, https:\/\/www.faxweb.al\/wp-content\/uploads\/2020\/09\/k-1-337x600.jpg 337w\" alt=\"\" width=\"640\" height=\"1140\" \/><\/p>\n","protected":false},"excerpt":{"rendered":"<p>K\u00ebng\u00ebtarja shqiptare Era Istrefi dhe k\u00ebng\u00ebtari britanik Julian Perretta q\u00eb n\u00eb fillim t\u00eb vitit q\u00eb lam\u00eb pas jan\u00eb p\u00ebrfolur p\u00ebr nj\u00eb lidhje. Dyshja kan\u00eb deklaruar se jan\u00eb miq t\u00eb ngusht\u00eb, mir\u00ebpo gjithmon\u00eb ka ekzistuar ideja se mes tyre ka di\u00e7ka m\u00eb shum\u00eb. Kjo ide \u00ebsht\u00eb rr\u00ebzuar posht\u00eb k\u00ebt\u00eb t\u00eb premte nga vet\u00eb Juliani. K\u00ebng\u00ebtari ka [&hellip;]<\/p>\n","protected":false},"author":2020,"featured_media":142797,"comment_status":"open","ping_status":"closed","sticky":false,"template":"","format":"standard","meta":{"footnotes":""},"categories":[193],"tags":[],"class_list":{"0":"post-142796","1":"post","2":"type-post","3":"status-publish","4":"format-standard","5":"has-post-thumbnail","7":"category-showbiz"},"_links":{"self":[{"href":"https:\/\/zjarr.tv\/sq\/wp-json\/wp\/v2\/posts\/142796","targetHints":{"allow":["GET"]}}],"collection":[{"href":"https:\/\/zjarr.tv\/sq\/wp-json\/wp\/v2\/posts"}],"about":[{"href":"https:\/\/zjarr.tv\/sq\/wp-json\/wp\/v2\/types\/post"}],"author":[{"embeddable":true,"href":"https:\/\/zjarr.tv\/sq\/wp-json\/wp\/v2\/users\/2020"}],"replies":[{"embeddable":true,"href":"https:\/\/zjarr.tv\/sq\/wp-json\/wp\/v2\/comments?post=142796"}],"version-history":[{"count":0,"href":"https:\/\/zjarr.tv\/sq\/wp-json\/wp\/v2\/posts\/142796\/revisions"}],"wp:featuredmedia":[{"embeddable":true,"href":"https:\/\/zjarr.tv\/sq\/wp-json\/wp\/v2\/media\/142797"}],"wp:attachment":[{"href":"https:\/\/zjarr.tv\/sq\/wp-json\/wp\/v2\/media?parent=142796"}],"wp:term":[{"taxonomy":"category","embeddable":true,"href":"https:\/\/zjarr.tv\/sq\/wp-json\/wp\/v2\/categories?post=142796"},{"taxonomy":"post_tag","embeddable":true,"href":"https:\/\/zjarr.tv\/sq\/wp-json\/wp\/v2\/tags?post=142796"}],"curies":[{"name":"wp","href":"https:\/\/api.w.org\/{rel}","templated":true}]}}