{"id":142826,"date":"2020-09-12T12:04:58","date_gmt":"2020-09-12T10:04:58","guid":{"rendered":"https:\/\/zjarr.tv\/?p=142826"},"modified":"2020-09-12T12:04:58","modified_gmt":"2020-09-12T10:04:58","slug":"gazetari-plas-bomben-mjeket-me-thane-se-halla-me-vdiq-nga-covid-por-ja-cfare-zbuloi-ne-te-vertetee-autopsia","status":"publish","type":"post","link":"https:\/\/zjarr.tv\/sq\/gazetari-plas-bomben-mjeket-me-thane-se-halla-me-vdiq-nga-covid-por-ja-cfare-zbuloi-ne-te-vertetee-autopsia\/","title":{"rendered":"Gazetari plas \u201dbomb\u00ebn\u201d: Mjek\u00ebt m\u00eb than\u00eb se halla m\u00eb vdiq nga Covid, por ja \u00e7far\u00eb zbuloi n\u00eb t\u00eb v\u00ebrtet\u00eb\u00eb autopsia"},"content":{"rendered":"<p>Gazetari Vehbi Kajtazi ka akuzuar shtetin n\u00eb Kosov\u00eb p\u00ebr vd\u00e8kjen e hall\u00ebs s\u00eb tij 73 vje\u00e7are, nd\u00ebrsa rr\u00ebfen edhe se si mjek\u00ebt e kan\u00eb g\u00ebnjyer.<\/p>\n<p>Ai shkruan se tamponet q\u00eb i jan\u00eb b\u00ebr\u00eb hall\u00ebs s\u00eb tij e kan\u00eb nxjerr\u00eb vazhdimisht negative ndaj COVID-it, por kur halla e tij ka nd\u00ebrruar jet\u00eb mjek\u00ebt i kan\u00eb th\u00ebn\u00eb se ajo vdiq p\u00ebr shkak t\u00eb koronavirusit.<\/p>\n<p>Gazetari ka k\u00ebrkuar q\u00eb hall\u00ebs s\u00eb tij t\u2019i b\u00ebhej autopsia, q\u00eb ka treguar se ajo nuk ishte e infektuar. Ai akuzon shtetin se po i l\u00eb njer\u00ebzit t\u00eb vd\u00e8sin si kafsh\u00ebt, pa u ofruar trajtimin mjek\u00ebsor q\u00eb duhet.<\/p>\n<p>\u201cRasti i djeshem i raportuar ne media ka te beje me vd\u00e8kjen e halles sime. Mjeket Vazhdimisht\u00a0 me kane thene se eshte negativ, deri diten e vd\u00e8kjes. Dje me thane se ka dale dy here pozitiv. Une kam insistu ti behet autopsia. Rezultati i sotem per Covid 19 del te jete negativ.<\/p>\n<p>Ky rezultat deshmon se njerezit jane duke vd\u00e8kur sikurse kafshet, pa trajtim te duhur, pa ila\u00e7e, me neglizhence. Halla ime mbase do te mbijetonte po te pranohej me kohe ne njeren prej klinikave te specilizuara. Por, ajo u la ne Mjekesi Sportive derisa ra ne koma.<\/p>\n<p>Diten e transferimit nga Peja ne Prishtine per me shume se tri ore nuk eshte pranuar ne asnje klinike. Pas praninit ne mjekesi sportive, mjeku i me emrin Benjamin me ka lutur qe te bej \u00e7mos per ta transferuar ne Infektive apo Pulmologji. Tek pasi ka ra ne koma, tri dite me vone eshte transferuar ne Intensive, ku ka pasur kujdes te madh nga dr Naim Kuqi. Por, tashme ishte vone. Halles sime mbase nuk kemi mundur t\u2019ia ndalim vd\u00e8kjen, por asaj i ka munguar kujdesi i duhur. Rezultati i sotem i Mjekesise Ligjore me detyron te dyshoj ne trajtim te duhur. Per kete arsye une, Vehbi Kajtazi, akuzoj shtetin per vd\u00e8kjen e saj!\u201d, shkruan gazetari.<\/p>\n","protected":false},"excerpt":{"rendered":"<p>Gazetari Vehbi Kajtazi ka akuzuar shtetin n\u00eb Kosov\u00eb p\u00ebr vd\u00e8kjen e hall\u00ebs s\u00eb tij 73 vje\u00e7are, nd\u00ebrsa rr\u00ebfen edhe se si mjek\u00ebt e kan\u00eb g\u00ebnjyer. Ai shkruan se tamponet q\u00eb i jan\u00eb b\u00ebr\u00eb hall\u00ebs s\u00eb tij e kan\u00eb nxjerr\u00eb vazhdimisht negative ndaj COVID-it, por kur halla e tij ka nd\u00ebrruar jet\u00eb mjek\u00ebt i kan\u00eb th\u00ebn\u00eb [&hellip;]<\/p>\n","protected":false},"author":2020,"featured_media":142827,"comment_status":"open","ping_status":"closed","sticky":false,"template":"","format":"standard","meta":{"footnotes":""},"categories":[2],"tags":[],"class_list":{"0":"post-142826","1":"post","2":"type-post","3":"status-publish","4":"format-standard","5":"has-post-thumbnail","7":"category-rajoni"},"_links":{"self":[{"href":"https:\/\/zjarr.tv\/sq\/wp-json\/wp\/v2\/posts\/142826","targetHints":{"allow":["GET"]}}],"collection":[{"href":"https:\/\/zjarr.tv\/sq\/wp-json\/wp\/v2\/posts"}],"about":[{"href":"https:\/\/zjarr.tv\/sq\/wp-json\/wp\/v2\/types\/post"}],"author":[{"embeddable":true,"href":"https:\/\/zjarr.tv\/sq\/wp-json\/wp\/v2\/users\/2020"}],"replies":[{"embeddable":true,"href":"https:\/\/zjarr.tv\/sq\/wp-json\/wp\/v2\/comments?post=142826"}],"version-history":[{"count":0,"href":"https:\/\/zjarr.tv\/sq\/wp-json\/wp\/v2\/posts\/142826\/revisions"}],"wp:featuredmedia":[{"embeddable":true,"href":"https:\/\/zjarr.tv\/sq\/wp-json\/wp\/v2\/media\/142827"}],"wp:attachment":[{"href":"https:\/\/zjarr.tv\/sq\/wp-json\/wp\/v2\/media?parent=142826"}],"wp:term":[{"taxonomy":"category","embeddable":true,"href":"https:\/\/zjarr.tv\/sq\/wp-json\/wp\/v2\/categories?post=142826"},{"taxonomy":"post_tag","embeddable":true,"href":"https:\/\/zjarr.tv\/sq\/wp-json\/wp\/v2\/tags?post=142826"}],"curies":[{"name":"wp","href":"https:\/\/api.w.org\/{rel}","templated":true}]}}