{"id":148371,"date":"2020-10-07T18:03:55","date_gmt":"2020-10-07T16:03:55","guid":{"rendered":"https:\/\/zjarr.tv\/?p=148371"},"modified":"2020-10-08T09:01:34","modified_gmt":"2020-10-08T07:01:34","slug":"deputeti-myslim-murrizi-ben-deklaraten-e-forteps-ka-vendos-te-shkarkoje-sander-lleshajper-ta-bere-deputet","status":"publish","type":"post","link":"https:\/\/zjarr.tv\/sq\/deputeti-myslim-murrizi-ben-deklaraten-e-forteps-ka-vendos-te-shkarkoje-sander-lleshajper-ta-bere-deputet\/","title":{"rendered":"Deputeti Myslim Murrizi b\u00ebn deklarat\u00ebn e fort\u00eb:&#8221;PS ka vendos t\u00eb shkarkoj\u00eb Sand\u00ebr Lleshaj,p\u00ebr ta b\u00ebr\u00eb deputet&#8221;"},"content":{"rendered":"<p>Deputeti i opozit\u00ebs Myslym Murrizi ka b\u00ebr\u00eb deklaart\u00ebn e fort\u00eb nga foltorja e Kuvendit.<\/p>\n<p>Ai \u00ebsht\u00eb shprehur se t\u00eb premten Partia Socialiste ka vendosur t\u00eb shkarkoj\u00eb ministrin Sand\u00ebr Lleshaj, p\u00ebr ta b\u00ebr\u00eb deputet.<\/p>\n<div class=\"code-block code-block-6\"><\/div>\n<p>\u201cDo t\u00eb doja t\u00eb uroja p\u00ebr zgjedhjet para zgjedhjeve deputetin e ri t\u00eb Partis\u00eb Socialiste Sand\u00ebr Lleshaj. Keni planifikuar ta shkarkoni t\u00eb premten, Sand\u00ebr Lleshajn dhe t\u00eb na e b\u00ebni deputet\u201d, tha Murrizi.<\/p>\n","protected":false},"excerpt":{"rendered":"<p>Deputeti i opozit\u00ebs Myslym Murrizi ka b\u00ebr\u00eb deklaart\u00ebn e fort\u00eb nga foltorja e Kuvendit. Ai \u00ebsht\u00eb shprehur se t\u00eb premten Partia Socialiste ka vendosur t\u00eb shkarkoj\u00eb ministrin Sand\u00ebr Lleshaj, p\u00ebr ta b\u00ebr\u00eb deputet. \u201cDo t\u00eb doja t\u00eb uroja p\u00ebr zgjedhjet para zgjedhjeve deputetin e ri t\u00eb Partis\u00eb Socialiste Sand\u00ebr Lleshaj. Keni planifikuar ta shkarkoni t\u00eb [&hellip;]<\/p>\n","protected":false},"author":2020,"featured_media":148372,"comment_status":"closed","ping_status":"closed","sticky":false,"template":"","format":"standard","meta":{"footnotes":""},"categories":[241],"tags":[],"class_list":{"0":"post-148371","1":"post","2":"type-post","3":"status-publish","4":"format-standard","5":"has-post-thumbnail","7":"category-aktualitet"},"_links":{"self":[{"href":"https:\/\/zjarr.tv\/sq\/wp-json\/wp\/v2\/posts\/148371","targetHints":{"allow":["GET"]}}],"collection":[{"href":"https:\/\/zjarr.tv\/sq\/wp-json\/wp\/v2\/posts"}],"about":[{"href":"https:\/\/zjarr.tv\/sq\/wp-json\/wp\/v2\/types\/post"}],"author":[{"embeddable":true,"href":"https:\/\/zjarr.tv\/sq\/wp-json\/wp\/v2\/users\/2020"}],"replies":[{"embeddable":true,"href":"https:\/\/zjarr.tv\/sq\/wp-json\/wp\/v2\/comments?post=148371"}],"version-history":[{"count":0,"href":"https:\/\/zjarr.tv\/sq\/wp-json\/wp\/v2\/posts\/148371\/revisions"}],"wp:featuredmedia":[{"embeddable":true,"href":"https:\/\/zjarr.tv\/sq\/wp-json\/wp\/v2\/media\/148372"}],"wp:attachment":[{"href":"https:\/\/zjarr.tv\/sq\/wp-json\/wp\/v2\/media?parent=148371"}],"wp:term":[{"taxonomy":"category","embeddable":true,"href":"https:\/\/zjarr.tv\/sq\/wp-json\/wp\/v2\/categories?post=148371"},{"taxonomy":"post_tag","embeddable":true,"href":"https:\/\/zjarr.tv\/sq\/wp-json\/wp\/v2\/tags?post=148371"}],"curies":[{"name":"wp","href":"https:\/\/api.w.org\/{rel}","templated":true}]}}