{"id":148375,"date":"2020-10-08T07:39:07","date_gmt":"2020-10-08T05:39:07","guid":{"rendered":"https:\/\/zjarr.tv\/?p=148375"},"modified":"2020-10-08T07:48:18","modified_gmt":"2020-10-08T05:48:18","slug":"nje-82-vjecar-ne-shkoder-eshte-perjashtuar-nga-azili-gjate-karantines-institucioni-i-mban-pensionin","status":"publish","type":"post","link":"https:\/\/zjarr.tv\/sq\/nje-82-vjecar-ne-shkoder-eshte-perjashtuar-nga-azili-gjate-karantines-institucioni-i-mban-pensionin\/","title":{"rendered":"Nj\u00eb 82 vje\u00e7ar n\u00eb Shkod\u00ebr \u00ebsht\u00eb p\u00ebrjashtuar nga azili gjat\u00eb karantin\u00ebs\/ Institucioni i mban pensionin"},"content":{"rendered":"<p>Nj\u00eb rast flagrant raportohet nga Shkodra, ku nj\u00eb i moshuar, denoncon se \u00ebsht\u00eb p\u00ebrjashtuar nga Azili i qytetit, pasi gjat\u00eb koh\u00ebs s\u00eb karantin\u00ebs ka dal\u00eb pa leje, p\u00ebr t\u00eb b\u00ebr\u00eb p\u00ebr nj\u00eb trajtim n\u00eb shtyll\u00ebn kurrizore.<\/p>\n<p>Bazuar n\u00eb urdhrin e kryeministrit, Bardhok Gegaj, 82-vje\u00e7, shprehet se ka k\u00ebrkuar leje p\u00ebr t\u00eb dal\u00eb, pasi lejohej nj\u00eb dit\u00eb n\u00eb jav\u00eb q\u00eb t\u00eb moshuarit t\u00eb dilnin nga banesat n\u00eb orare t\u00eb caktuara.<\/p>\n<p>Gegaj thot\u00eb p\u00ebr emisionin &#8220;Stop&#8221;, se problemet i kan\u00eb nisur n\u00eb fund t\u00eb muajit mars dhe n\u00eb fillimit prill, pasi drejtori e ka futur n\u00eb karantin\u00eb dhe pse ai ka dal\u00eb negativ n\u00eb testin e Coron*avir*us. K\u00ebtu ka nisur edhe konflikti me drejtorin, q\u00eb ka \u00e7uar n\u00eb nxjerrjen jasht\u00eb azilit, t\u00eb Bardhok Gegajt.<\/p>\n<p>Nga ana tjet\u00ebr, masa e pensionit 40 % i \u00ebsht\u00eb mbajtur nga azili, edhe pse gjat\u00eb k\u00ebsaj kohe duhet ta siguronte vet\u00eb ushqimin, fjetjen dhe gjith\u00e7ka tjet\u00ebr.<\/p>\n<p>N\u00eb Sigurimet shoq\u00ebrore t\u00eb Shkodr\u00ebs pohuan, se masa e pensionit \u00ebsht\u00eb mbajtur deri n\u00eb 1 korrik 2020, koh\u00eb, kur \u00ebsht\u00eb dor\u00ebzuar shkresa e azilit, q\u00eb provonte, se i moshuari ishte larguar.<\/p>\n<p>Drejtoresha: Kjo \u00ebsht\u00eb shkresa e Sht\u00ebpis\u00eb s\u00eb t\u00eb Moshuarve, ku ka th\u00ebn\u00eb, q\u00eb nga 01.07. ka ik nga institucioni. K\u00ebto jan\u00eb pagesat, q\u00eb i kan\u00eb kalu k\u00ebtu -40% korrik-gusht, q\u00eb ia kena dh\u00ebn\u00eb shtes\u00eb kreditore n\u00eb shtator.<\/p>\n<p>Gazetarja: Pra ju m\u00eb konfirmoni, q\u00eb n\u00eb periudh\u00ebn mars-prill-maj-qershor, buxheti i ka kaluar Sht\u00ebpis\u00eb s\u00eb t\u00eb Moshuarve.<\/p>\n<p>Drejtoresha: Ja prill-maj-qershor. -37,-37 pra -40% deri n\u00eb 1 korrik, q\u00eb na ka ardh shkresa, q\u00eb zot\u00ebria ka ik. Nga 1 korriku ne ia kena bo t\u00eb plot\u00eb.<\/p>\n<p>Gazetarja: Sa e ka mas\u00ebn e pensionit? Drejtoresha: 95 (mij\u00eb lek\u00eb t\u00eb vjetra).<\/p>\n<p>Nga ana tjet\u00ebr drejtori i sht\u00ebpis\u00eb s\u00eb t\u00eb moshuarve Shkod\u00ebr, Fatjon Hoxha, thot\u00eb, se zot\u00ebria \u00ebsht\u00eb larguar me d\u00ebshir\u00eb nga institucioni, edhe pse ai i \u00ebsht\u00eb lutur t\u00eb mos e b\u00ebj\u00eb.<\/p>\n<p>Ja ku \u00ebsht\u00eb letra e tij q\u00eb k\u00ebrkon t\u00eb largohet nga azili. Ai \u00ebsht\u00eb larguar me d\u00ebshir\u00eb, i jam lutur t\u00eb mos ikte. I kam th\u00ebn\u00eb t\u00eb mos ikte, thot\u00eb Hoxha. Nd\u00ebrkoh\u00eb Gegaj shprehet se; drejtuesi i azilit \u00ebsht\u00eb nj\u00eb &#8220;pala\u00e7o dhe mashtrues&#8221; dhe shton se do t\u00eb kthehet s\u00ebrish n\u00eb azil.<\/p>\n<p>N\u00eb Sh\u00ebrbimin Social Shtet\u00ebror, shpjegojn\u00eb, se i moshuari mund t\u00eb rikomisionohet, duke mbledhur shum\u00eb dokumente paraprakisht. Por deri at\u00ebher\u00eb 82-vje\u00e7ari Bardhok Gegaj, do t\u00eb jet\u00eb n\u00eb rrug\u00eb t\u00eb madhe.<\/p>\n","protected":false},"excerpt":{"rendered":"<p>Nj\u00eb rast flagrant raportohet nga Shkodra, ku nj\u00eb i moshuar, denoncon se \u00ebsht\u00eb p\u00ebrjashtuar nga Azili i qytetit, pasi gjat\u00eb koh\u00ebs s\u00eb karantin\u00ebs ka dal\u00eb pa leje, p\u00ebr t\u00eb b\u00ebr\u00eb p\u00ebr nj\u00eb trajtim n\u00eb shtyll\u00ebn kurrizore. Bazuar n\u00eb urdhrin e kryeministrit, Bardhok Gegaj, 82-vje\u00e7, shprehet se ka k\u00ebrkuar leje p\u00ebr t\u00eb dal\u00eb, pasi lejohej nj\u00eb [&hellip;]<\/p>\n","protected":false},"author":2016,"featured_media":148376,"comment_status":"closed","ping_status":"closed","sticky":false,"template":"","format":"standard","meta":{"footnotes":""},"categories":[241],"tags":[],"class_list":{"0":"post-148375","1":"post","2":"type-post","3":"status-publish","4":"format-standard","5":"has-post-thumbnail","7":"category-aktualitet"},"_links":{"self":[{"href":"https:\/\/zjarr.tv\/sq\/wp-json\/wp\/v2\/posts\/148375","targetHints":{"allow":["GET"]}}],"collection":[{"href":"https:\/\/zjarr.tv\/sq\/wp-json\/wp\/v2\/posts"}],"about":[{"href":"https:\/\/zjarr.tv\/sq\/wp-json\/wp\/v2\/types\/post"}],"author":[{"embeddable":true,"href":"https:\/\/zjarr.tv\/sq\/wp-json\/wp\/v2\/users\/2016"}],"replies":[{"embeddable":true,"href":"https:\/\/zjarr.tv\/sq\/wp-json\/wp\/v2\/comments?post=148375"}],"version-history":[{"count":0,"href":"https:\/\/zjarr.tv\/sq\/wp-json\/wp\/v2\/posts\/148375\/revisions"}],"wp:featuredmedia":[{"embeddable":true,"href":"https:\/\/zjarr.tv\/sq\/wp-json\/wp\/v2\/media\/148376"}],"wp:attachment":[{"href":"https:\/\/zjarr.tv\/sq\/wp-json\/wp\/v2\/media?parent=148375"}],"wp:term":[{"taxonomy":"category","embeddable":true,"href":"https:\/\/zjarr.tv\/sq\/wp-json\/wp\/v2\/categories?post=148375"},{"taxonomy":"post_tag","embeddable":true,"href":"https:\/\/zjarr.tv\/sq\/wp-json\/wp\/v2\/tags?post=148375"}],"curies":[{"name":"wp","href":"https:\/\/api.w.org\/{rel}","templated":true}]}}