{"id":148384,"date":"2020-10-08T08:11:34","date_gmt":"2020-10-08T06:11:34","guid":{"rendered":"https:\/\/zjarr.tv\/?p=148384"},"modified":"2020-10-08T08:11:34","modified_gmt":"2020-10-08T06:11:34","slug":"vijojne-perplasjet-mes-nenkryetares-se-lsi-se-brisida-shehaj-dhe-deputetit-myslym-murrizi","status":"publish","type":"post","link":"https:\/\/zjarr.tv\/sq\/vijojne-perplasjet-mes-nenkryetares-se-lsi-se-brisida-shehaj-dhe-deputetit-myslym-murrizi\/","title":{"rendered":"Vijojn\u00eb p\u00ebrplasjet mes n\u00ebnkryetares s\u00eb LSI-s\u00eb Brisida Shehaj dhe deputetit Myslym Murrizi&#8230;"},"content":{"rendered":"<p>S\u00ebrish ka vijuar n\u00eb distanc\u00eb, p\u00ebrplasja mes n\u00ebnkryetares s\u00eb LSI-s\u00eb Brisida Shehaj dhe deputetit Myslim Murrizi.<\/p>\n<p>Shehaj e cil\u00ebsoi Murrizin si &#8220;z\u00ebdh\u00ebn\u00ebs t\u00eb Rilindjes&#8221;, nd\u00ebrkoh\u00eb q\u00eb deputeti reagoi n\u00eb mediat sociale, duke e cil\u00ebsuar si &#8220;recepsioniste&#8221; dhe shkonte m\u00eb tej ku shkruante se; mos t\u00eb vihet n\u00eb merak p\u00ebr partin\u00eb e tij, se dob\u00ebsohet dhe sh\u00ebmtohet dhe pastaj e p\u00ebrz\u00ebn\u00eb nga LSI.<\/p>\n<p>Sakaq n\u00eb reagimin e saj t\u00eb fundit, Shehaj shkruan; se Murrizin e mbrojn\u00eb shok\u00ebt e tij rilindas, t\u00eb nj\u00ebjt\u00ebt q\u00eb ajo ua ka treguar vendin publikisht, pasi ka &#8220;ca burr\u00ebri&#8221;.<\/p>\n<p>Reagimi i plot\u00eb:<\/p>\n<p>Disa sqarime t\u00eb thjeshta p\u00ebr Major Lymin:<br \/>\n1. T\u00eb nis\u00ebsh pun\u00ebn n\u00eb ark\u00eb, n\u00eb bank\u00eb \u00ebsht\u00eb nisja normale p\u00ebr nj\u00eb sapo t\u00eb diplomuar. P\u00ebr pak vite, n\u00eb mosh\u00ebn 26 vje\u00e7are me logjik\u00ebn profesionale e meritokraci, u em\u00ebrova drejtore n\u00eb bank\u00eb(se aty nuk t\u00eb b\u00ebn miku drejtor).<br \/>\n2. Jam larguar nga tatimet n\u00eb vitin 2016 dhe deri me sot, as ata q\u00eb t\u00eb keqinformojn\u00eb me q\u00ebllim, nuk gjet\u00ebn dot nj\u00eb akuz\u00eb t\u00eb vetme p\u00ebr mua p\u00ebr korrupsion.<br \/>\n3. Un\u00eb pagat e mia, i kam patur nga dita e par\u00eb e pun\u00ebs e gjer m\u00eb sot t\u00eb deklaruara. Burimi im i jetes\u00ebs. Nuk pres un\u00eb leje nd\u00ebrtimi as nga Kavaja, apo Sauku.<\/p>\n<p>4. Nj\u00eb k\u00ebshill\u00eb, meq\u00eb p\u00ebrvoja n\u00eb media m\u00eb ndihmoi ta kuptoj edhe m\u00eb mir\u00eb r\u00ebnd\u00ebsin\u00eb e lajmit p\u00ebrball\u00eb shpifjes: Para se t\u00eb deklarohesh mbi mua, b\u00ebn mir\u00eb t\u00eb informohesh sakt\u00eb, je aq pran\u00eb Rilindasve sa p\u00ebr t\u00eb mos b\u00ebr\u00eb gafa, q\u00eb as ata nuk ia lejojn\u00eb vetes, por t\u00eb keqp\u00ebrdorin.<br \/>\n5. Nj\u00eb deputet, qoft\u00eb edhe ti Lym b\u00ebn mir\u00eb t\u00eb merresh me hallet e panum\u00ebrta t\u00eb nj\u00eb vendi nga ku iket masivisht, e jo t\u00eb p\u00ebrgojosh gra e vajza, q\u00eb kan\u00eb vendosur t\u00eb q\u00ebndrojn\u00eb pa tradhtuar parime. Ti k\u00ebt\u00eb nuk e kupton dot, por t\u00eb pakt\u00ebn sillu si Major! Se le nam duke p\u00ebrgojuar edhe Kombinat e Kod\u00ebr Dielli, se ke edhe shok\u00ebt e tu rilindas, q\u00eb t\u00eb mbajn\u00eb me t\u00eb mira ty, sa p\u00ebr mua, kam ca burr\u00ebri se ua kam treguar vendin publikisht.<\/p>\n","protected":false},"excerpt":{"rendered":"<p>S\u00ebrish ka vijuar n\u00eb distanc\u00eb, p\u00ebrplasja mes n\u00ebnkryetares s\u00eb LSI-s\u00eb Brisida Shehaj dhe deputetit Myslim Murrizi. Shehaj e cil\u00ebsoi Murrizin si &#8220;z\u00ebdh\u00ebn\u00ebs t\u00eb Rilindjes&#8221;, nd\u00ebrkoh\u00eb q\u00eb deputeti reagoi n\u00eb mediat sociale, duke e cil\u00ebsuar si &#8220;recepsioniste&#8221; dhe shkonte m\u00eb tej ku shkruante se; mos t\u00eb vihet n\u00eb merak p\u00ebr partin\u00eb e tij, se dob\u00ebsohet dhe [&hellip;]<\/p>\n","protected":false},"author":2016,"featured_media":148385,"comment_status":"closed","ping_status":"closed","sticky":false,"template":"","format":"standard","meta":{"footnotes":""},"categories":[241],"tags":[],"class_list":{"0":"post-148384","1":"post","2":"type-post","3":"status-publish","4":"format-standard","5":"has-post-thumbnail","7":"category-aktualitet"},"_links":{"self":[{"href":"https:\/\/zjarr.tv\/sq\/wp-json\/wp\/v2\/posts\/148384","targetHints":{"allow":["GET"]}}],"collection":[{"href":"https:\/\/zjarr.tv\/sq\/wp-json\/wp\/v2\/posts"}],"about":[{"href":"https:\/\/zjarr.tv\/sq\/wp-json\/wp\/v2\/types\/post"}],"author":[{"embeddable":true,"href":"https:\/\/zjarr.tv\/sq\/wp-json\/wp\/v2\/users\/2016"}],"replies":[{"embeddable":true,"href":"https:\/\/zjarr.tv\/sq\/wp-json\/wp\/v2\/comments?post=148384"}],"version-history":[{"count":0,"href":"https:\/\/zjarr.tv\/sq\/wp-json\/wp\/v2\/posts\/148384\/revisions"}],"wp:featuredmedia":[{"embeddable":true,"href":"https:\/\/zjarr.tv\/sq\/wp-json\/wp\/v2\/media\/148385"}],"wp:attachment":[{"href":"https:\/\/zjarr.tv\/sq\/wp-json\/wp\/v2\/media?parent=148384"}],"wp:term":[{"taxonomy":"category","embeddable":true,"href":"https:\/\/zjarr.tv\/sq\/wp-json\/wp\/v2\/categories?post=148384"},{"taxonomy":"post_tag","embeddable":true,"href":"https:\/\/zjarr.tv\/sq\/wp-json\/wp\/v2\/tags?post=148384"}],"curies":[{"name":"wp","href":"https:\/\/api.w.org\/{rel}","templated":true}]}}