{"id":149132,"date":"2020-10-12T13:47:56","date_gmt":"2020-10-12T11:47:56","guid":{"rendered":"https:\/\/zjarr.tv\/?p=149132"},"modified":"2020-10-12T13:47:56","modified_gmt":"2020-10-12T11:47:56","slug":"eliminoi-nga-gara-disa-ish-deputete-dhe-ish-kryebashkiake-pd-ndez-motoret-per-zgjedhjet-e-25-prillit","status":"publish","type":"post","link":"https:\/\/zjarr.tv\/sq\/eliminoi-nga-gara-disa-ish-deputete-dhe-ish-kryebashkiake-pd-ndez-motoret-per-zgjedhjet-e-25-prillit\/","title":{"rendered":"\u2018Eliminoi\u2019 nga gara disa ish-deputet\u00eb dhe ish-kryebashkiak\u00eb, PD ndez motor\u00ebt p\u00ebr zgjedhjet e 25 prillit"},"content":{"rendered":"<p>Selia blu ka nisur dit\u00ebn e sotme ka nisur faz\u00ebn finale p\u00ebr skanimin e kandidat\u00ebve demokrat\u00eb p\u00ebr deputet\u00eb. T\u00eb shtun\u00ebn me votimet n\u00eb qarkun Tiran\u00ebs, ku p\u00ebrfshihen dhe 21 deg\u00eb t\u00eb tjera t\u00eb vogla tashm\u00eb ka p\u00ebrfunduar dhe 495 emrat e kan\u00eb kaluar n\u00eb filtrin e Komisionit t\u00eb Vler\u00ebsimit t\u00eb Kandidat\u00ebve dhe tashm\u00eb k\u00ebto emra jan\u00eb potencial p\u00ebr t\u00eb qen\u00eb n\u00eb list\u00ebn e emrave p\u00ebr kandidat\u00eb.<\/p>\n<p>M\u00ebsohet se filtri final pritet q\u00eb t\u00eb mblidhet t\u00eb mart\u00ebn dhe t\u00eb hartoj\u00eb raporte p\u00ebr secilin kandidat, q\u00eb mund t\u00eb sjell\u00eb m\u00eb shum\u00eb popullaritet p\u00ebr secil\u00ebn list\u00eb.<\/p>\n<p>Nd\u00ebrkoh\u00eb nga i gjith\u00eb ky proces i zhvilluar n\u00eb votimin e 12 qaqeve t\u00eb vendit ka prodhuar 17 emra t\u00eb skualifikuar, ku bien n\u00eb sy emrat e tre ish kryebashkiak\u00ebve, atij t\u00eb Kuk\u00ebsit, Bashkim Shehu, ish kryebashkiakut t\u00eb Tropoj\u00ebs, Besnik Tusha dhe ish kryebashkiaku i Pogradecit, Eduard Kapri.<\/p>\n<p>Gjithashtu nga gara jan\u00eb skualifikuar edhe tre ish deputet\u00eb, Klevis Balliu dhe Hekuran Hoxhalli n\u00eb qarkun e Kor\u00e7\u00ebs dhe Astrit Veliaj n\u00eb Berat dhe bashk\u00eb me ta dhe 11 emra t\u00eb tjer\u00eb zyrtar\u00ebsh demokrat\u00eb.<\/p>\n","protected":false},"excerpt":{"rendered":"<p>Selia blu ka nisur dit\u00ebn e sotme ka nisur faz\u00ebn finale p\u00ebr skanimin e kandidat\u00ebve demokrat\u00eb p\u00ebr deputet\u00eb. T\u00eb shtun\u00ebn me votimet n\u00eb qarkun Tiran\u00ebs, ku p\u00ebrfshihen dhe 21 deg\u00eb t\u00eb tjera t\u00eb vogla tashm\u00eb ka p\u00ebrfunduar dhe 495 emrat e kan\u00eb kaluar n\u00eb filtrin e Komisionit t\u00eb Vler\u00ebsimit t\u00eb Kandidat\u00ebve dhe tashm\u00eb k\u00ebto emra [&hellip;]<\/p>\n","protected":false},"author":2020,"featured_media":149133,"comment_status":"closed","ping_status":"closed","sticky":false,"template":"","format":"standard","meta":{"footnotes":""},"categories":[241],"tags":[],"class_list":{"0":"post-149132","1":"post","2":"type-post","3":"status-publish","4":"format-standard","5":"has-post-thumbnail","7":"category-aktualitet"},"_links":{"self":[{"href":"https:\/\/zjarr.tv\/sq\/wp-json\/wp\/v2\/posts\/149132","targetHints":{"allow":["GET"]}}],"collection":[{"href":"https:\/\/zjarr.tv\/sq\/wp-json\/wp\/v2\/posts"}],"about":[{"href":"https:\/\/zjarr.tv\/sq\/wp-json\/wp\/v2\/types\/post"}],"author":[{"embeddable":true,"href":"https:\/\/zjarr.tv\/sq\/wp-json\/wp\/v2\/users\/2020"}],"replies":[{"embeddable":true,"href":"https:\/\/zjarr.tv\/sq\/wp-json\/wp\/v2\/comments?post=149132"}],"version-history":[{"count":0,"href":"https:\/\/zjarr.tv\/sq\/wp-json\/wp\/v2\/posts\/149132\/revisions"}],"wp:featuredmedia":[{"embeddable":true,"href":"https:\/\/zjarr.tv\/sq\/wp-json\/wp\/v2\/media\/149133"}],"wp:attachment":[{"href":"https:\/\/zjarr.tv\/sq\/wp-json\/wp\/v2\/media?parent=149132"}],"wp:term":[{"taxonomy":"category","embeddable":true,"href":"https:\/\/zjarr.tv\/sq\/wp-json\/wp\/v2\/categories?post=149132"},{"taxonomy":"post_tag","embeddable":true,"href":"https:\/\/zjarr.tv\/sq\/wp-json\/wp\/v2\/tags?post=149132"}],"curies":[{"name":"wp","href":"https:\/\/api.w.org\/{rel}","templated":true}]}}