{"id":149139,"date":"2020-10-12T14:01:45","date_gmt":"2020-10-12T12:01:45","guid":{"rendered":"https:\/\/zjarr.tv\/?p=149139"},"modified":"2020-10-12T14:01:45","modified_gmt":"2020-10-12T12:01:45","slug":"lefter-maliqi-leshon-gojen-keq-fare-ndaj-kryeministrit-ramabojkotojeni-kete-kryemafioz-qe-vazhdon-te-tallet-me-shqiptaret-te-mbyllet-ne-bunkerin-e-tij-te-vetmise","status":"publish","type":"post","link":"https:\/\/zjarr.tv\/sq\/lefter-maliqi-leshon-gojen-keq-fare-ndaj-kryeministrit-ramabojkotojeni-kete-kryemafioz-qe-vazhdon-te-tallet-me-shqiptaret-te-mbyllet-ne-bunkerin-e-tij-te-vetmise\/","title":{"rendered":"Lefter Maliqi &#8216;l\u00ebshon goj\u00ebn&#8221; keq fare ndaj kryeministrit Rama:&#8221;Bojkotojeni k\u00ebt\u00eb Kryemafioz q\u00eb vazhdon t\u00eb tallet me shqiptar\u00ebt, t\u00eb mbyllet n\u00eb bunkerin e tij t\u00eb vetmis\u00eb&#8221;"},"content":{"rendered":"<p>Deputeti Lefter Maliqi e ka l\u00ebshuar goj\u00ebn keq ndaj kryeministrit Rama p\u00ebrmes nj\u00eb postimi n\u00eb rrjete sociale. Maliqi shkruan se nuk ka vend n\u00eb bot\u00eb q\u00eb nj\u00eb kryeminist\u00ebr q\u00eb ka keqqeverisur p\u00ebr 8 vite me radh\u00eb, t\u00eb k\u00ebrkoj\u00eb nj\u00eb mandat t\u00eb tret\u00eb.<\/p>\n<p>Jo vet\u00ebm kaq, por Maliqi i sugjeron Ram\u00ebs t\u00eb mbyllet n\u00eb bunkerin e tij n\u00eb Surrel dhe t\u00eb merret me pikturat e tij.<\/p>\n<p><strong>Postimi i plot\u00eb:<\/strong><\/p>\n<p><em>\u201cBojkotojeni k\u00ebt\u00eb Kryemafioz q\u00eb vazhdon t\u00eb tallet me shqiptar\u00ebt, duke b\u00ebr\u00eb fushat\u00eb me brekushe, dajre e humor kaps\u2026<\/em><\/p>\n<p><em>T\u00eb dashur miq!<\/em><\/p>\n<p><em>Kryemafiozi i ashtuquajtur Kryeminist\u00ebr, pasi e zhvati dhe e rropati k\u00ebt\u00eb vend, po tallet n\u00eb m\u00ebnyr\u00ebn m\u00eb t\u00eb neveritshme me shqiptar\u00ebt.<\/em><\/p>\n<p><em>Ashtu si n\u00eb 2017-\u00ebn, ky njeri po b\u00ebn fushat\u00eb vet\u00ebm me muhabete kafeneje dhe t\u00eb degjeneruara, pa asnj\u00eb program zhvillimi.<\/em><\/p>\n<p><em>N\u00eb fakt, ky edhe programin m\u00eb perfekt t\u00eb hartoj\u00eb, s\u2019ka njeri mbi tok\u00eb q\u00eb e beson apo e merr m\u00eb seriozisht.<\/em><\/p>\n<p><em>Por p\u00ebrtej k\u00ebsaj, ky Kryemafioz po k\u00ebrkon mandatin e tret\u00eb vet\u00ebm duke marr\u00eb nj\u00eb mikrofon n\u00eb dor\u00eb e duke folur \u00e7far\u00eb i vjen p\u00ebr mbar\u00eb nj\u00eb t\u00eb diagnostikuari me \u2018probleme mendore\u2019, me batuta bajate, me humor kaps, e me nj\u00eb gjuh\u00eb ordinere ndaj kund\u00ebrshtar\u00ebve t\u00eb tij politik\u00eb.<\/em><\/p>\n<p><em>Ku ka vend n\u00eb bot\u00eb, q\u00eb nj\u00eb Kryeminist\u00ebr, pasi ka keqqeverisur 8 vite, k\u00ebrkon nj\u00eb mandat t\u00eb tret\u00eb, duke b\u00ebr\u00eb nj\u00eb fushat\u00eb vet\u00ebm me brekushe-\u00e7itjane, e me fjalime lajthit\u00ebse t\u00eb degjeneruara.<\/em><\/p>\n<p><em>Pas tepsis\u00eb, k\u00ebrkoi timonin me brekushet e Enverit dhe pa asnj\u00eb program, duke e kthyer sken\u00ebn e fushat\u00ebs n\u00eb nj\u00eb parodi t\u00eb nivelit karagjoz.<\/em><\/p>\n<p><em>Ky del para shqiptar\u00ebve si Kryetar i Rilindjes, dhe tallet me nj\u00eb gjuh\u00eb ordinere, e n\u00eb fund duartrokitet dhe gajas\u00eb vet\u00ebm \u00e7et\u00ebn e tij t\u00eb korruptuar, sepse socialist\u00ebve i vjen turp kur e d\u00ebgjojn\u00eb, e jo m\u00eb ta votojn\u00eb.<\/em><\/p>\n<p><em>Pasi jan\u00eb braktisur e grabitur p\u00ebr 8 vite, shqiptar\u00ebt kan\u00eb nevoj\u00eb t\u00eb d\u00ebgjojn\u00eb alternativ qeveris\u00ebse, me program si n\u00eb \u00e7do vend normal t\u00eb bot\u00ebs, e jo t\u00eb d\u00ebgjojn\u00eb karagjozlliqet e k\u00ebtij Kryemafiozi 24 or\u00eb n\u00eb dit\u00eb.<\/em><\/p>\n<p><em>Duke par\u00eb opozit\u00ebn p\u00ebrdit\u00eb q\u00eb ofron alternativ\u00ebn e detajuar e me fokus ekonomin\u00eb, q\u00eb ky e ka grabitur e ndar\u00eb me bandat dhe oligark\u00ebt e tij, ky Kryemafioz po ziliqoset dhe ka filluar q\u00eb sa hap\u00eb syt\u00eb n\u00eb m\u00ebngjes, urdh\u00ebron ushtar\u00ebt e tij t\u00eb prrallisin ndonj\u00eb gj\u00eb n\u00eb Facebook, me gjoja investimet imagjinare q\u00eb ka b\u00ebr\u00eb qeveria e Rilindjes.<\/em><\/p>\n<p><em>Koha kur b\u00ebje fusht\u00eb p\u00ebr tepsi e timon, me brekushe e humor kaps, ka p\u00ebrfunduar.<\/em><\/p>\n<p><em>Ti o Kryemafioz, edhe po t\u00eb blesh gjith\u00eb ekspert\u00ebt m\u00eb t\u00eb mir\u00eb n\u00eb planet, p\u00ebr t\u00eb hartuar nj\u00eb program dinjitoz qeverisjeje, ti nuk ke m\u00eb shp\u00ebtim, sepse CV-ja jote e 2 mandateve \u00ebsht\u00eb bloz.<\/em><\/p>\n<p><em>Prandaj, un\u00eb them q\u00eb as fushat\u00eb t\u00eb mos b\u00ebsh, por mbyllu n\u00eb bunkerin t\u00ebnd t\u00eb vetmis\u00eb e p\u00ebrbuzjes s\u00eb madhe, dhe zhgarravit ndonj\u00eb piktur\u00eb si ato q\u00eb do t\u00eb ti grisin sapo t\u00eb hyjn\u00eb n\u00eb zyr\u00ebn t\u00ebnde p\u00ebr t\u00eb qeverisur pas 25 prillit.\u201d<\/em>\u00a0\u2013 ka shkruar Maliqi.<\/p>\n<div class=\"fb-post fb_iframe_widget\" data-href=\"https:\/\/www.facebook.com\/lefter.maliqi\/posts\/4647059432035179\" data-show-text=\"true\" data-width=\"\"><\/div>\n","protected":false},"excerpt":{"rendered":"<p>Deputeti Lefter Maliqi e ka l\u00ebshuar goj\u00ebn keq ndaj kryeministrit Rama p\u00ebrmes nj\u00eb postimi n\u00eb rrjete sociale. Maliqi shkruan se nuk ka vend n\u00eb bot\u00eb q\u00eb nj\u00eb kryeminist\u00ebr q\u00eb ka keqqeverisur p\u00ebr 8 vite me radh\u00eb, t\u00eb k\u00ebrkoj\u00eb nj\u00eb mandat t\u00eb tret\u00eb. Jo vet\u00ebm kaq, por Maliqi i sugjeron Ram\u00ebs t\u00eb mbyllet n\u00eb bunkerin e [&hellip;]<\/p>\n","protected":false},"author":2020,"featured_media":149140,"comment_status":"closed","ping_status":"closed","sticky":false,"template":"","format":"standard","meta":{"footnotes":""},"categories":[241],"tags":[],"class_list":{"0":"post-149139","1":"post","2":"type-post","3":"status-publish","4":"format-standard","5":"has-post-thumbnail","7":"category-aktualitet"},"_links":{"self":[{"href":"https:\/\/zjarr.tv\/sq\/wp-json\/wp\/v2\/posts\/149139","targetHints":{"allow":["GET"]}}],"collection":[{"href":"https:\/\/zjarr.tv\/sq\/wp-json\/wp\/v2\/posts"}],"about":[{"href":"https:\/\/zjarr.tv\/sq\/wp-json\/wp\/v2\/types\/post"}],"author":[{"embeddable":true,"href":"https:\/\/zjarr.tv\/sq\/wp-json\/wp\/v2\/users\/2020"}],"replies":[{"embeddable":true,"href":"https:\/\/zjarr.tv\/sq\/wp-json\/wp\/v2\/comments?post=149139"}],"version-history":[{"count":0,"href":"https:\/\/zjarr.tv\/sq\/wp-json\/wp\/v2\/posts\/149139\/revisions"}],"wp:featuredmedia":[{"embeddable":true,"href":"https:\/\/zjarr.tv\/sq\/wp-json\/wp\/v2\/media\/149140"}],"wp:attachment":[{"href":"https:\/\/zjarr.tv\/sq\/wp-json\/wp\/v2\/media?parent=149139"}],"wp:term":[{"taxonomy":"category","embeddable":true,"href":"https:\/\/zjarr.tv\/sq\/wp-json\/wp\/v2\/categories?post=149139"},{"taxonomy":"post_tag","embeddable":true,"href":"https:\/\/zjarr.tv\/sq\/wp-json\/wp\/v2\/tags?post=149139"}],"curies":[{"name":"wp","href":"https:\/\/api.w.org\/{rel}","templated":true}]}}