{"id":149143,"date":"2020-10-12T14:05:50","date_gmt":"2020-10-12T12:05:50","guid":{"rendered":"https:\/\/zjarr.tv\/?p=149143"},"modified":"2020-10-12T14:05:50","modified_gmt":"2020-10-12T12:05:50","slug":"te-denuar-per-trafik-narkotikesh-dhe-prostitucion-ofl-ja-u-con-formularet-tre-tiranasve","status":"publish","type":"post","link":"https:\/\/zjarr.tv\/sq\/te-denuar-per-trafik-narkotikesh-dhe-prostitucion-ofl-ja-u-con-formularet-tre-tiranasve\/","title":{"rendered":"T\u00eb d\u00eb*nuar p\u00ebr tr*afik nark*otik\u00ebsh dhe pro*stitucion, OFL-ja u \u00e7on formular\u00ebt tre tiranasve"},"content":{"rendered":"<div class=\"article-introtext\">\n<p>Operacioni Forca e Ligjit, u k\u00ebrkon tre t\u00eb d\u00ebnuarve nga Tirana q\u00eb t\u00eb deklarojn\u00eb pasurin\u00eb e tyre n\u00eb kuad\u00ebr t\u00eb Ligjit Special p\u00ebr masat pasurore ndaj individ\u00ebve t\u00eb d\u00ebnuar apo akuzuar p\u00ebr krim t\u00eb organizuar apo krime t\u00eb r\u00ebnda.<\/p>\n<\/div>\n<div class=\"article-fulltext\">\n<p>K\u00ebshtu, OFL i ka nisur k\u00ebrkesat me shkrim p\u00ebr vet\u00ebdeklarimin e burimeve t\u00eb pasuris\u00eb,\u00a0<strong>shtetasve:<\/strong><\/p>\n<p><strong>-G\u00ebzim Alimehmeti,<\/strong>\u00a0banues n\u00eb Tiran\u00eb, i d\u00ebnuar p\u00ebr vepr\u00ebn penale \u201cTrafikimi i narkotik\u00ebve\u201d, mbetur n\u00eb tentativ\u00eb;<\/p>\n<p><strong>-Artur Koleci (\u00c7artis),<\/strong> banues n\u00eb Tiran\u00eb, i d\u00ebnuar p\u00ebr vepr\u00ebn penale \u201cTrafikimi i narkotik\u00ebve\u201d;<\/p>\n<p><strong>-Edmond Shkalla,<\/strong>\u00a0banues n\u00eb Tiran\u00eb, i d\u00ebnuar p\u00ebr vepr\u00ebn penale \u201cShfyt\u00ebzimi i prostitucionit\u201d.<\/p>\n<p>K\u00ebta individ\u00eb, si subjekt i Ligjit Special, duhet t\u2019u p\u00ebrgjigjen me shkrim, brenda 48 or\u00ebsh, t\u00eb gjitha pyetjeve t\u00eb OFL-s\u00eb dhe m\u00eb pas, p\u00ebrgjigjet e marra do t\u2019i d\u00ebrgohen SPAK-ut, p\u00ebr veprime t\u00eb m\u00ebtejshme.<\/p>\n<\/div>\n","protected":false},"excerpt":{"rendered":"<p>Operacioni Forca e Ligjit, u k\u00ebrkon tre t\u00eb d\u00ebnuarve nga Tirana q\u00eb t\u00eb deklarojn\u00eb pasurin\u00eb e tyre n\u00eb kuad\u00ebr t\u00eb Ligjit Special p\u00ebr masat pasurore ndaj individ\u00ebve t\u00eb d\u00ebnuar apo akuzuar p\u00ebr krim t\u00eb organizuar apo krime t\u00eb r\u00ebnda. K\u00ebshtu, OFL i ka nisur k\u00ebrkesat me shkrim p\u00ebr vet\u00ebdeklarimin e burimeve t\u00eb pasuris\u00eb,\u00a0shtetasve: -G\u00ebzim Alimehmeti,\u00a0banues [&hellip;]<\/p>\n","protected":false},"author":2020,"featured_media":149144,"comment_status":"closed","ping_status":"closed","sticky":false,"template":"","format":"standard","meta":{"footnotes":""},"categories":[241],"tags":[],"class_list":{"0":"post-149143","1":"post","2":"type-post","3":"status-publish","4":"format-standard","5":"has-post-thumbnail","7":"category-aktualitet"},"_links":{"self":[{"href":"https:\/\/zjarr.tv\/sq\/wp-json\/wp\/v2\/posts\/149143","targetHints":{"allow":["GET"]}}],"collection":[{"href":"https:\/\/zjarr.tv\/sq\/wp-json\/wp\/v2\/posts"}],"about":[{"href":"https:\/\/zjarr.tv\/sq\/wp-json\/wp\/v2\/types\/post"}],"author":[{"embeddable":true,"href":"https:\/\/zjarr.tv\/sq\/wp-json\/wp\/v2\/users\/2020"}],"replies":[{"embeddable":true,"href":"https:\/\/zjarr.tv\/sq\/wp-json\/wp\/v2\/comments?post=149143"}],"version-history":[{"count":0,"href":"https:\/\/zjarr.tv\/sq\/wp-json\/wp\/v2\/posts\/149143\/revisions"}],"wp:featuredmedia":[{"embeddable":true,"href":"https:\/\/zjarr.tv\/sq\/wp-json\/wp\/v2\/media\/149144"}],"wp:attachment":[{"href":"https:\/\/zjarr.tv\/sq\/wp-json\/wp\/v2\/media?parent=149143"}],"wp:term":[{"taxonomy":"category","embeddable":true,"href":"https:\/\/zjarr.tv\/sq\/wp-json\/wp\/v2\/categories?post=149143"},{"taxonomy":"post_tag","embeddable":true,"href":"https:\/\/zjarr.tv\/sq\/wp-json\/wp\/v2\/tags?post=149143"}],"curies":[{"name":"wp","href":"https:\/\/api.w.org\/{rel}","templated":true}]}}