{"id":149149,"date":"2020-10-12T14:13:12","date_gmt":"2020-10-12T12:13:12","guid":{"rendered":"https:\/\/zjarr.tv\/?p=149149"},"modified":"2020-10-12T14:13:12","modified_gmt":"2020-10-12T12:13:12","slug":"tensonet-ne-mesdhe-turqia-ndermerr-vendimin-me-te-fundit-greqia-vihet-ne-alarm","status":"publish","type":"post","link":"https:\/\/zjarr.tv\/sq\/tensonet-ne-mesdhe-turqia-ndermerr-vendimin-me-te-fundit-greqia-vihet-ne-alarm\/","title":{"rendered":"Tensonet n\u00eb Mesdhe\/Turqia nd\u00ebrmerr vendimin m\u00eb t\u00eb fundit, Greqia vihet n\u00eb alarm"},"content":{"rendered":"<p>Marr\u00ebdh\u00ebniet mes Turqis\u00eb dhe Greqis\u00eb duket q\u00eb nuk jan\u00eb qet\u00ebsuar akoma mes dy vendeve. Gazeta greke shkruan\u00a0<em>\u201cTurqia e ka nisur p\u00ebrs\u00ebri anijen k\u00ebrkimore Oruc Reis, gjoja p\u00ebr t\u00eb k\u00ebrkuar naft\u00eb dhe gaz, brenda shelfit kontinental grek, duke ngritur edhe nj\u00eb her\u00eb tensionet n\u00eb Mesdheun lindor\u201d.<\/em><\/p>\n<p>Sipas Kathimerinit, stacioni i Antalias ka l\u00ebshuar nj\u00eb paralajm\u00ebrim lundrimi (Navtex) me efekt nga data 12 deri n\u00eb 22 tetor.<\/p>\n<p>Anija do t\u00eb kaloj\u00eb shum\u00eb af\u00ebr kompleksit ishullor m\u00eb lindor t\u00eb Greqis\u00eb, Kastellorizo, Ro dhe Stroggili. Turqia nuk e pranon q\u00eb Kastellorizo, af\u00ebr bregdetit jugor t\u00eb Turqis\u00eb, ka nj\u00eb shelf kontinental t\u00eb vetin.<\/p>\n<p>Anija nuk do t\u00eb hyj\u00eb n\u00eb uj\u00ebrat territoriale t\u00eb Greqis\u00eb.<\/p>\n<p>Navtex v\u00eb n\u00eb pik\u00ebpyetje bisedimet e mundshme p\u00ebr eksplorimin n\u00eb nivel ekspert\u00ebsh midis Greqis\u00eb dhe Turqis\u00eb dhe bie dy dit\u00eb para vizit\u00ebs s\u00eb Ministrit t\u00eb Jasht\u00ebm gjerman Heiko Maas n\u00eb Ankara q\u00eb synon fillimin e k\u00ebtyre bisedimeve.<\/p>\n","protected":false},"excerpt":{"rendered":"<p>Marr\u00ebdh\u00ebniet mes Turqis\u00eb dhe Greqis\u00eb duket q\u00eb nuk jan\u00eb qet\u00ebsuar akoma mes dy vendeve. Gazeta greke shkruan\u00a0\u201cTurqia e ka nisur p\u00ebrs\u00ebri anijen k\u00ebrkimore Oruc Reis, gjoja p\u00ebr t\u00eb k\u00ebrkuar naft\u00eb dhe gaz, brenda shelfit kontinental grek, duke ngritur edhe nj\u00eb her\u00eb tensionet n\u00eb Mesdheun lindor\u201d. Sipas Kathimerinit, stacioni i Antalias ka l\u00ebshuar nj\u00eb paralajm\u00ebrim lundrimi [&hellip;]<\/p>\n","protected":false},"author":2020,"featured_media":149150,"comment_status":"closed","ping_status":"closed","sticky":false,"template":"","format":"standard","meta":{"footnotes":""},"categories":[191],"tags":[],"class_list":{"0":"post-149149","1":"post","2":"type-post","3":"status-publish","4":"format-standard","5":"has-post-thumbnail","7":"category-bota"},"_links":{"self":[{"href":"https:\/\/zjarr.tv\/sq\/wp-json\/wp\/v2\/posts\/149149","targetHints":{"allow":["GET"]}}],"collection":[{"href":"https:\/\/zjarr.tv\/sq\/wp-json\/wp\/v2\/posts"}],"about":[{"href":"https:\/\/zjarr.tv\/sq\/wp-json\/wp\/v2\/types\/post"}],"author":[{"embeddable":true,"href":"https:\/\/zjarr.tv\/sq\/wp-json\/wp\/v2\/users\/2020"}],"replies":[{"embeddable":true,"href":"https:\/\/zjarr.tv\/sq\/wp-json\/wp\/v2\/comments?post=149149"}],"version-history":[{"count":0,"href":"https:\/\/zjarr.tv\/sq\/wp-json\/wp\/v2\/posts\/149149\/revisions"}],"wp:featuredmedia":[{"embeddable":true,"href":"https:\/\/zjarr.tv\/sq\/wp-json\/wp\/v2\/media\/149150"}],"wp:attachment":[{"href":"https:\/\/zjarr.tv\/sq\/wp-json\/wp\/v2\/media?parent=149149"}],"wp:term":[{"taxonomy":"category","embeddable":true,"href":"https:\/\/zjarr.tv\/sq\/wp-json\/wp\/v2\/categories?post=149149"},{"taxonomy":"post_tag","embeddable":true,"href":"https:\/\/zjarr.tv\/sq\/wp-json\/wp\/v2\/tags?post=149149"}],"curies":[{"name":"wp","href":"https:\/\/api.w.org\/{rel}","templated":true}]}}