{"id":149160,"date":"2020-10-12T14:46:24","date_gmt":"2020-10-12T12:46:24","guid":{"rendered":"https:\/\/zjarr.tv\/?p=149160"},"modified":"2020-10-12T14:46:24","modified_gmt":"2020-10-12T12:46:24","slug":"nga-e-enjtja-maska-me-detyrim-drejtori-i-policise-veliupatrullat-policore-do-te-monitorojne-ne-menyre-rigoroze-te-gjithe-ambientet-publike","status":"publish","type":"post","link":"https:\/\/zjarr.tv\/sq\/nga-e-enjtja-maska-me-detyrim-drejtori-i-policise-veliupatrullat-policore-do-te-monitorojne-ne-menyre-rigoroze-te-gjithe-ambientet-publike\/","title":{"rendered":"Nga e enjtja maska me detyrim, Drejtori i Policis\u00eb Veliu:&#8221;Patrullat policore do t\u00eb monitorojn\u00eb n\u00eb m\u00ebnyr\u00eb rigoroze t\u00eb gjith\u00eb ambientet publike&#8221;"},"content":{"rendered":"<div class=\"article-introtext\">\n<p>Drejtori i P\u00ebrgjithsh\u00ebm i Policis\u00eb s\u00eb Shtetit Ardi Veliu, b\u00ebn me dije se nga dita e enjte t\u00eb gjitha kapacitetet e PSH do t\u00eb jen\u00eb n\u00eb terren p\u00ebr zbatimin e urdhrit t\u00eb autoriteteve t\u00eb sh\u00ebndet\u00ebsis\u00eb, p\u00ebr mbajtjen e mask\u00ebs n\u00eb ambientet e hapura.<\/p>\n<\/div>\n<div class=\"article-fulltext\">\n<p>\u201cPolicia e Shtetit do t\u00eb angazhohet me t\u00eb gjitha kapacitetet e saj, n\u00eb krah t\u00eb strukturave t\u00eb tjera, p\u00ebr t\u00eb garantuar zbatimin e masave t\u00eb caktuara nga autoritetet e Sh\u00ebndet\u00ebsis\u00eb.<\/p>\n<p>Patrullat policore do t\u00eb monitorojn\u00eb n\u00eb m\u00ebnyr\u00eb rigoroze t\u00eb gjith\u00eb ambientet dhe hap\u00ebsirat publike ku nga e enjtja do t\u00eb jet\u00eb detyrim mbajtja e mask\u00ebs.<\/p>\n<p>Duke p\u00ebrfituar nga rasti ftoj qytetar\u00ebt q\u00eb, si\u00e7 kan\u00eb d\u00ebshmuar m\u00eb her\u00ebt n\u00eb mas\u00eb t\u00eb madhe vullnetin p\u00ebr bashk\u00ebpunim, t\u00eb respektojn\u00eb masat dhe t\u00eb mb\u00ebshtesin autoritetet policore n\u00eb zbatimin e k\u00ebtij detyrimi\u201d, tha Veliu.<\/p>\n<p><strong>Mesazhi i Drejtorit t\u00eb P\u00ebrgjithsh\u00ebm t\u00eb Policis\u00eb s\u00eb Shtetit drejtuar qytetar\u00ebve, p\u00ebr respektimin e masave anticovid:<\/strong><\/p>\n<p>T\u00eb nderuar qytetar\u00eb,<\/p>\n<p>Rastet e shtetasve t\u00eb infektuar me COVID-19 kan\u00eb sh\u00ebnuar nj\u00eb rritje t\u00eb leht\u00eb, sipas t\u00eb dh\u00ebnave nga Sh\u00ebndet\u00ebsia. Nj\u00eb rritje e till\u00eb e t\u00eb infektuarve po v\u00ebrehet edhe n\u00eb shum\u00eb vende t\u00eb bot\u00ebs. Disa prej k\u00ebtyre shteteve kan\u00eb nisur marrjen e masave t\u00eb forta p\u00ebr parandalimin e infeksionit.<\/p>\n<p>Edhe n\u00eb vendin ton\u00eb kan\u00eb nisur t\u00eb merren disa masa n\u00eb m\u00ebnyr\u00eb q\u00eb t\u00eb pengohet p\u00ebrhapja masive e virusit. Duke filluar nga dita e enjte, \u00e7do qytetar \u00ebsht\u00eb i detyruar t\u00eb mbaj\u00eb mask\u00ebn mbrojt\u00ebse q\u00eb n\u00eb momentin kur del prej sht\u00ebpis\u00eb s\u00eb vet.<\/p>\n<p>Kjo mas\u00eb \u00ebsht\u00eb n\u00eb p\u00ebrputhje me udh\u00ebzimet e dala nga autoritetet sh\u00ebndet\u00ebsore. Mbajtja e nj\u00eb maske n\u00eb fytyr\u00eb ul n\u00eb m\u00ebnyr\u00eb t\u00eb ndjeshme rrezikun e p\u00ebrhapjes s\u00eb infektimit.<\/p>\n<p>Q\u00ebllimi kryesor \u00ebsht\u00eb t\u00eb mbrojm\u00eb popullat\u00ebn nga rreziqet q\u00eb paraqet virusi.<\/p>\n<div class=\"site-banner  hidden-mobile\"><center><a href=\"https:\/\/memire.one.al\/\" target=\"_blank\" rel=\"noopener noreferrer\">==<\/a><\/center><\/div>\n<p>S\u00eb dyti, me marrjen e nj\u00eb mase t\u00eb till\u00eb, synojm\u00eb edhe t\u00eb shmangim nj\u00eb mbyllje si ajo e pranver\u00ebs s\u00eb k\u00ebtij viti. P\u00ebr qytetar\u00ebt \u00ebsht\u00eb m\u00eb e leht\u00eb t\u00eb mbajn\u00eb nj\u00eb mask\u00eb dhe t\u00eb zbatojn\u00eb rregullat e distancimit social, sesa t\u2019u n\u00ebnshtrohen kushteve t\u00eb rrepta t\u00eb mbylljes.<\/p>\n<p>Policia e Shtetit do t\u00eb angazhohet me t\u00eb gjitha kapacitetet e saj, n\u00eb krah t\u00eb strukturave t\u00eb tjera, p\u00ebr t\u00eb garantuar zbatimin e masave t\u00eb caktuara nga autoritetet e Sh\u00ebndet\u00ebsis\u00eb.<\/p>\n<p>Patrullat policore do t\u00eb monitorojn\u00eb n\u00eb m\u00ebnyr\u00eb rigoroze t\u00eb gjith\u00eb ambientet dhe hap\u00ebsirat publike ku nga e enjtja do t\u00eb jet\u00eb detyrim mbajtja e mask\u00ebs.<\/p>\n<p>Duke p\u00ebrfituar nga rasti ftoj qytetar\u00ebt q\u00eb, si\u00e7 kan\u00eb d\u00ebshmuar m\u00eb her\u00ebt n\u00eb mas\u00eb t\u00eb madhe vullnetin p\u00ebr bashk\u00ebpunim, t\u00eb respektojn\u00eb masat dhe t\u00eb mb\u00ebshtesin autoritetet policore n\u00eb zbatimin e k\u00ebtij detyrimi.<\/p>\n<p>N\u00eb \u00e7do rast t\u00eb konstatimit t\u00eb shtetasve q\u00eb u shmangen detyrimeve ligjore, Policia e Shtetit do t\u00eb reagoj\u00eb n\u00eb p\u00ebrputhje me ligjin dhe detyrat e saj funksionale.<\/p>\n<p>Q\u00ebllimi yn\u00eb nuk \u00ebsht\u00eb nd\u00ebshkimi i qytetar\u00ebve, por mbrojtja e jet\u00ebs dhe sh\u00ebndetit t\u00eb tyre.<\/p>\n<p>Ndaj duke besuar se qytetar\u00ebt do t\u00eb jen\u00eb n\u00eb krahun ton\u00eb, p\u00ebr t\u2019i minimizuar efektet e pandemis\u00eb, b\u00ebj thirrje q\u00eb t\u00eb gjith\u00eb bashk\u00eb t\u00eb tregojm\u00eb se vet\u00ebm duke respektuar rregullat mund t\u00eb nd\u00ebrpresim zinxhirin e transmetimit t\u00eb k\u00ebtij virusi t\u00eb rreziksh\u00ebm.<\/p>\n<\/div>\n","protected":false},"excerpt":{"rendered":"<p>Drejtori i P\u00ebrgjithsh\u00ebm i Policis\u00eb s\u00eb Shtetit Ardi Veliu, b\u00ebn me dije se nga dita e enjte t\u00eb gjitha kapacitetet e PSH do t\u00eb jen\u00eb n\u00eb terren p\u00ebr zbatimin e urdhrit t\u00eb autoriteteve t\u00eb sh\u00ebndet\u00ebsis\u00eb, p\u00ebr mbajtjen e mask\u00ebs n\u00eb ambientet e hapura. \u201cPolicia e Shtetit do t\u00eb angazhohet me t\u00eb gjitha kapacitetet e saj, [&hellip;]<\/p>\n","protected":false},"author":2020,"featured_media":149161,"comment_status":"closed","ping_status":"closed","sticky":false,"template":"","format":"standard","meta":{"footnotes":""},"categories":[241],"tags":[],"class_list":{"0":"post-149160","1":"post","2":"type-post","3":"status-publish","4":"format-standard","5":"has-post-thumbnail","7":"category-aktualitet"},"_links":{"self":[{"href":"https:\/\/zjarr.tv\/sq\/wp-json\/wp\/v2\/posts\/149160","targetHints":{"allow":["GET"]}}],"collection":[{"href":"https:\/\/zjarr.tv\/sq\/wp-json\/wp\/v2\/posts"}],"about":[{"href":"https:\/\/zjarr.tv\/sq\/wp-json\/wp\/v2\/types\/post"}],"author":[{"embeddable":true,"href":"https:\/\/zjarr.tv\/sq\/wp-json\/wp\/v2\/users\/2020"}],"replies":[{"embeddable":true,"href":"https:\/\/zjarr.tv\/sq\/wp-json\/wp\/v2\/comments?post=149160"}],"version-history":[{"count":0,"href":"https:\/\/zjarr.tv\/sq\/wp-json\/wp\/v2\/posts\/149160\/revisions"}],"wp:featuredmedia":[{"embeddable":true,"href":"https:\/\/zjarr.tv\/sq\/wp-json\/wp\/v2\/media\/149161"}],"wp:attachment":[{"href":"https:\/\/zjarr.tv\/sq\/wp-json\/wp\/v2\/media?parent=149160"}],"wp:term":[{"taxonomy":"category","embeddable":true,"href":"https:\/\/zjarr.tv\/sq\/wp-json\/wp\/v2\/categories?post=149160"},{"taxonomy":"post_tag","embeddable":true,"href":"https:\/\/zjarr.tv\/sq\/wp-json\/wp\/v2\/tags?post=149160"}],"curies":[{"name":"wp","href":"https:\/\/api.w.org\/{rel}","templated":true}]}}