{"id":159994,"date":"2021-01-16T12:33:20","date_gmt":"2021-01-16T11:33:20","guid":{"rendered":"https:\/\/zjarr.tv\/?p=159994"},"modified":"2021-01-16T12:33:20","modified_gmt":"2021-01-16T11:33:20","slug":"edi-rama-si-skenderbeu-elisa-spiropali-patjeter-eshte-i-vetmi-qe-di-te-beje-qytete","status":"publish","type":"post","link":"https:\/\/zjarr.tv\/sq\/edi-rama-si-skenderbeu-elisa-spiropali-patjeter-eshte-i-vetmi-qe-di-te-beje-qytete\/","title":{"rendered":"Edi Rama si Sk\u00ebnderbeu? Elisa Spiropali: Patjet\u00ebr \u00ebsht\u00eb i vetmi q\u00eb di t\u00eb b\u00ebj\u00eb qytete&#8230;"},"content":{"rendered":"<p>Ministrja p\u00ebr Marr\u00ebdh\u00ebniet me Parlamentin, Elisa Spiropali, ka rikonfirmuar edhe nj\u00eb her\u00eb deklarat\u00ebn e saj se; Kryeministri Edi Rama, \u00ebsht\u00eb si Sk\u00ebnderbeu.<\/p>\n<p>E ftuar n\u00eb \u201cABCNews\u201d, Spiropali \u00ebsht\u00eb shprehur se; Edi Rama, \u00ebsht\u00eb i vetmi i cili di t\u00eb nd\u00ebrtoj\u00eb qytetet. Teksa ka marr\u00eb shembull Vlor\u00ebn dhe Kor\u00e7\u00ebn.<\/p>\n<p><em style=\"font-weight: inherit;\">\u201cN\u00ebse ka nj\u00eb njeri dhe nj\u00eb forc\u00eb politike q\u00eb di t\u00eb b\u00ebj\u00eb qytete \u00ebsht\u00eb Edi Rama dhe Partia Socialiste. Shkoni shikoni Vlor\u00ebn dhe Kor\u00e7\u00ebn\u201d,<\/em>\u00a0ka th\u00ebn\u00eb Spiropali.<\/p>\n<p>Nd\u00ebrkaq, p\u00ebr pyetjen e b\u00ebr\u00eb nga Aulon Kalaja, n\u00ebse i q\u00ebndronte krahasimit t\u00eb b\u00ebr\u00eb m\u00eb her\u00eb p\u00ebr liderin e qeveris\u00eb Edi Rama me heroin komb\u00ebtar, Sk\u00ebnd\u00ebrbeun, Spiropali e rikonfirmoj.<\/p>\n<p>Aulon Kalaja:\u00a0I q\u00ebndron deklarat\u00ebs s\u00eb Rama \u00ebsht\u00eb si Sk\u00ebnd\u00ebrbeu?<\/p>\n<p>Spiropali:\u00a0Patjet\u00ebr.<\/p>\n<p>Elisa Spiropali, vijon t\u00eb shfaq\u00eb hapur adhurimin p\u00ebr Kryeministrin dhe drejtuesin e partis\u00eb s\u00eb saj, q\u00eb nuk e mohon as n\u00eb studio televizive.<\/p>\n","protected":false},"excerpt":{"rendered":"<p>Ministrja p\u00ebr Marr\u00ebdh\u00ebniet me Parlamentin, Elisa Spiropali, ka rikonfirmuar edhe nj\u00eb her\u00eb deklarat\u00ebn e saj se; Kryeministri Edi Rama, \u00ebsht\u00eb si Sk\u00ebnderbeu. E ftuar n\u00eb \u201cABCNews\u201d, Spiropali \u00ebsht\u00eb shprehur se; Edi Rama, \u00ebsht\u00eb i vetmi i cili di t\u00eb nd\u00ebrtoj\u00eb qytetet. Teksa ka marr\u00eb shembull Vlor\u00ebn dhe Kor\u00e7\u00ebn. \u201cN\u00ebse ka nj\u00eb njeri dhe nj\u00eb forc\u00eb [&hellip;]<\/p>\n","protected":false},"author":2016,"featured_media":159996,"comment_status":"closed","ping_status":"closed","sticky":false,"template":"","format":"standard","meta":{"footnotes":""},"categories":[241],"tags":[960],"class_list":{"0":"post-159994","1":"post","2":"type-post","3":"status-publish","4":"format-standard","5":"has-post-thumbnail","7":"category-aktualitet","8":"tag-lajme-zjarr-spiropali-rama-si-skenderbeu-zjarr-tv"},"_links":{"self":[{"href":"https:\/\/zjarr.tv\/sq\/wp-json\/wp\/v2\/posts\/159994","targetHints":{"allow":["GET"]}}],"collection":[{"href":"https:\/\/zjarr.tv\/sq\/wp-json\/wp\/v2\/posts"}],"about":[{"href":"https:\/\/zjarr.tv\/sq\/wp-json\/wp\/v2\/types\/post"}],"author":[{"embeddable":true,"href":"https:\/\/zjarr.tv\/sq\/wp-json\/wp\/v2\/users\/2016"}],"replies":[{"embeddable":true,"href":"https:\/\/zjarr.tv\/sq\/wp-json\/wp\/v2\/comments?post=159994"}],"version-history":[{"count":0,"href":"https:\/\/zjarr.tv\/sq\/wp-json\/wp\/v2\/posts\/159994\/revisions"}],"wp:featuredmedia":[{"embeddable":true,"href":"https:\/\/zjarr.tv\/sq\/wp-json\/wp\/v2\/media\/159996"}],"wp:attachment":[{"href":"https:\/\/zjarr.tv\/sq\/wp-json\/wp\/v2\/media?parent=159994"}],"wp:term":[{"taxonomy":"category","embeddable":true,"href":"https:\/\/zjarr.tv\/sq\/wp-json\/wp\/v2\/categories?post=159994"},{"taxonomy":"post_tag","embeddable":true,"href":"https:\/\/zjarr.tv\/sq\/wp-json\/wp\/v2\/tags?post=159994"}],"curies":[{"name":"wp","href":"https:\/\/api.w.org\/{rel}","templated":true}]}}